{"id":565,"date":"2025-03-24T13:56:40","date_gmt":"2025-03-24T12:56:40","guid":{"rendered":"https:\/\/www.regionsaris.sk\/region-saris-sa-reprezentoval-doma-i-v-zahranici\/"},"modified":"2025-12-15T10:12:01","modified_gmt":"2025-12-15T09:12:01","slug":"region-saris-sa-reprezentoval-doma-i-v-zahranici","status":"publish","type":"post","link":"https:\/\/www.regionsaris.sk\/en\/region-saris-sa-reprezentoval-doma-i-v-zahranici\/","title":{"rendered":"\u0160ari\u0161 region represented itself at home and abroad"},"content":{"rendered":"<em>In recent months, the Tourism Organisation (OOCR) Region \u0160ari\u0161 has been actively involved in several prestigious trade fairs at home and abroad. Participation in events in Bratislava, Riga, Budapest, Prague and Nitra confirmed the growing interest in the \u0160ari\u0161 region and brought valuable knowledge, contacts and new opportunities for cooperation.<\/em>\n\n\u00a0\n\n<a href=\"https:\/\/www.regionsaris.sk\/wp-content\/uploads\/2025\/12\/482241887_1482756692774894_2999696419102257874_n.jpg\"><img loading=\"lazy\" decoding=\"async\" class=\"wp-image-29693 alignnone\" src=\"https:\/\/www.regionsaris.sk\/wp-content\/uploads\/2025\/12\/482241887_1482756692774894_2999696419102257874_n-300x225.jpg\" alt=\"\" width=\"1015\" height=\"761\" \/><\/a>\n\n\u00a0\n<h3 class=\"\" data-start=\"410\" data-end=\"481\"><strong data-start=\"414\" data-end=\"479\">ITF Bratislava 2025: Home audience interested in authenticity<\/strong><\/h3>\n<p class=\"\" data-start=\"482\" data-end=\"903\">The ITF Bratislava fair was a key opportunity to introduce \u0160ari\u0161 to Slovak visitors. The greatest interest was in <strong data-start=\"601\" data-end=\"662\">castles, cycling routes, folklore, spas and regional events<\/strong>. Among the most popular places were <strong data-start=\"705\" data-end=\"772\">Slovak Opal Mine, STM Solivar Museum and Bardejov Spa<\/strong>. An important factor was also the presentation of authentic experiences such as <strong data-start=\"843\" data-end=\"900\">regional products and the music of Michal Smetanka<\/strong>.<\/p>\n<p class=\"\" data-start=\"905\" data-end=\"926\"><strong data-start=\"905\" data-end=\"924\">Main outcomes:<\/strong><\/p>\n\n<ul data-start=\"927\" data-end=\"1122\">\n \t<li class=\"\" data-start=\"927\" data-end=\"993\">\n<p class=\"\" data-start=\"929\" data-end=\"993\">Strong demand for <strong data-start=\"944\" data-end=\"991\">experiential tourism and digital innovation<\/strong><\/p>\n<\/li>\n \t<li class=\"\" data-start=\"994\" data-end=\"1048\">\n<p class=\"\" data-start=\"996\" data-end=\"1048\">Strengthening cooperation between OOCRs within Slovakia<\/p>\n<\/li>\n \t<li class=\"\" data-start=\"1049\" data-end=\"1122\">\n<p class=\"\" data-start=\"1051\" data-end=\"1122\">Acquiring new partnerships with travel agencies and influencers<\/p>\n<\/li>\n<\/ul>\n\u00a0\n\n<a href=\"https:\/\/www.regionsaris.sk\/wp-content\/uploads\/2025\/12\/475743682_1446453723071858_9133458843884284106_n.jpg\"><img loading=\"lazy\" decoding=\"async\" class=\"wp-image-29697 alignnone\" src=\"https:\/\/www.regionsaris.sk\/wp-content\/uploads\/2025\/12\/475743682_1446453723071858_9133458843884284106_n-225x300.jpg\" alt=\"\" width=\"677\" height=\"903\" \/><\/a>\n\n\u00a0\n<h3 class=\"\" data-start=\"1124\" data-end=\"1198\"><strong data-start=\"1128\" data-end=\"1196\">Balttour Riga 2025: \u0160ari\u0161 as an undiscovered jewel for the Latvian market<\/strong><\/h3>\n<p class=\"\" data-start=\"1199\" data-end=\"1532\">Latvia has proven to be a promising market where visitors have appreciated <strong data-start=\"1265\" data-end=\"1338\">cycling routes, spa tourism, mineral springs and camping possibilities<\/strong>. The fair was visited by <strong data-start=\"1358\" data-end=\"1433\">more than 20,000 people, up to 5,000 of whom were tourism professionals<\/strong>. It specifically resonated <strong data-start=\"1457\" data-end=\"1529\">the diversity of nature and historical monuments in a relatively small area<\/strong>.<\/p>\n<p class=\"\" data-start=\"1629\" data-end=\"1647\">At the Balttour trade fair in Riga, visitors formed: <strong>30 % adults aged 30-45, 30 % families with children and 40 % seniors<\/strong>, showing a balanced interest across different age groups.<\/p>\n<p class=\"\" data-start=\"1649\" data-end=\"1677\"><strong data-start=\"1649\" data-end=\"1675\">The greatest interest was in:<\/strong><\/p>\n\n<ul data-start=\"1678\" data-end=\"1886\">\n \t<li class=\"\" data-start=\"1678\" data-end=\"1812\">\n<p class=\"\" data-start=\"1680\" data-end=\"1812\"><strong data-start=\"1680\" data-end=\"1810\">Slovak opal mines, \u0160ari\u0161 Castle, Bardejov Spa and camping possibilities near water areas (e.g. Sigord Shipyard)<\/strong><\/p>\n<\/li>\n \t<li class=\"\" data-start=\"1813\" data-end=\"1886\">\n<p class=\"\" data-start=\"1815\" data-end=\"1886\">Digital tools for holiday planning and interactive presentations<\/p>\n<\/li>\n<\/ul>\n\u00a0\n\n<a href=\"https:\/\/www.regionsaris.sk\/wp-content\/uploads\/2025\/03\/PXL_20250207_085632326-scaled.jpg\"><img loading=\"lazy\" decoding=\"async\" class=\"wp-image-29707 alignnone\" src=\"https:\/\/www.regionsaris.sk\/wp-content\/uploads\/2025\/12\/PXL_20250207_085632326-scaled.jpg\" alt=\"\" width=\"683\" height=\"385\" \/><\/a>\n\n\u00a0\n<h3 class=\"\" data-start=\"1888\" data-end=\"1968\"><strong data-start=\"1892\" data-end=\"1966\">Utaz\u00e1s Budapest 2025: Historical connection as the key to the Hungarian market<\/strong><\/h3>\n<p class=\"\" data-start=\"1969\" data-end=\"2290\">Hungarian visitors appreciated the historical and cultural ties between the two countries. The greatest interest was in <strong data-start=\"2071\" data-end=\"2132\">castles, manor houses and monuments linked to a common history<\/strong>. The leaflet has become an extremely successful promotional tool <strong data-start=\"2190\" data-end=\"2221\">\"S\u00e1ros V\u00e1r\" - a product in cooperation with the town of Sabinov<\/strong>, which impressed Hungarian tourists with clearly defined information.<\/p>\n<span data-start=\"51\" data-end=\"153\">Visitor grouping: <\/span><strong data-start=\"51\" data-end=\"153\">70 % seniors, 25 % adults aged 35-55 and families with children and 5 % students and school groups<\/strong>, which indicates a significant interest of the older generation in the destination \u0160ari\u0161.\n<p class=\"\" data-start=\"2435\" data-end=\"2457\"><strong data-start=\"2435\" data-end=\"2455\">Key Outcomes:<\/strong><\/p>\n\n<ul data-start=\"2458\" data-end=\"2632\">\n \t<li class=\"\" data-start=\"2458\" data-end=\"2516\">\n<p class=\"\" data-start=\"2460\" data-end=\"2516\">Confirmed demand for <strong data-start=\"2479\" data-end=\"2514\">cultural and historical tourism<\/strong><\/p>\n<\/li>\n \t<li class=\"\" data-start=\"2517\" data-end=\"2575\">\n<p class=\"\" data-start=\"2519\" data-end=\"2575\">Interest in <strong data-start=\"2528\" data-end=\"2573\">exchange of experience with Hungarian experts<\/strong><\/p>\n<\/li>\n \t<li class=\"\" data-start=\"2576\" data-end=\"2632\">\n<p class=\"\" data-start=\"2578\" data-end=\"2632\">Strengthening the marketing strategy on the Hungarian market<\/p>\n<\/li>\n<\/ul>\n<a href=\"https:\/\/www.regionsaris.sk\/wp-content\/uploads\/2025\/03\/PXL_20250220_092222907-scaled.jpg\"><img loading=\"lazy\" decoding=\"async\" class=\"wp-image-29711 alignnone\" src=\"https:\/\/www.regionsaris.sk\/wp-content\/uploads\/2025\/12\/PXL_20250220_092222907-scaled.jpg\" alt=\"\" width=\"695\" height=\"391\" \/><\/a>\n\n\u00a0\n<h3 class=\"\" data-start=\"2634\" data-end=\"2731\"><strong data-start=\"2638\" data-end=\"2729\">Holiday World &amp; Region World Prague 2025: Czech tourists seek nature and active relaxation<\/strong><\/h3>\n<p class=\"\" data-start=\"2732\" data-end=\"3001\">The fair in Prague was an important point of presentation of \u0160ari\u0161 on the Czech market. Visitors were primarily interested in <strong data-start=\"2838\" data-end=\"2910\">outdoor activities, hiking, cycling, castles and spa tourism<\/strong>. A separate counter of OOCR Region \u0160ari\u0161 enabled a more targeted approach to potential tourists.<\/p>\n<p data-start=\"2732\" data-end=\"3001\">The composition of visitors included <strong data-start=\"31\" data-end=\"126\">40 % families with children, 25 % foreign tourists, 20 % seniors and 15 % travel agencies<\/strong>, which shows the wide diversity of interest in the \u0160ari\u0161 region.<\/p>\n<p class=\"\" data-start=\"3147\" data-end=\"3168\"><strong data-start=\"3147\" data-end=\"3166\">Main outcomes:<\/strong><\/p>\n\n<ul data-start=\"3169\" data-end=\"3376\">\n \t<li class=\"\" data-start=\"3169\" data-end=\"3240\">\n<p class=\"\" data-start=\"3171\" data-end=\"3240\"><strong data-start=\"3171\" data-end=\"3197\">Competition for visitors<\/strong> increased interaction and awareness of the region<\/p>\n<\/li>\n \t<li class=\"\" data-start=\"3241\" data-end=\"3302\">\n<p class=\"\" data-start=\"3243\" data-end=\"3302\">Demand for <strong data-start=\"3252\" data-end=\"3300\">quality campsites and ski resorts<\/strong><\/p>\n<\/li>\n \t<li class=\"\" data-start=\"3303\" data-end=\"3376\">\n<p class=\"\" data-start=\"3305\" data-end=\"3376\">Confirmation of potential <strong data-start=\"3327\" data-end=\"3374\">Slansk\u00e9 hills and the prepared cycle routes<\/strong><\/p>\n\u00a0<\/li>\n<\/ul>\n<a href=\"https:\/\/www.regionsaris.sk\/wp-content\/uploads\/2025\/03\/IMG_20250316_110629-scaled.jpg\"><img loading=\"lazy\" decoding=\"async\" class=\"wp-image-29723 alignnone\" src=\"https:\/\/www.regionsaris.sk\/wp-content\/uploads\/2025\/12\/IMG_20250316_110629-scaled.jpg\" alt=\"\" width=\"722\" height=\"325\" \/><\/a>\n<h4>Caravan Bike Travel: when cycling meets history and tradition<\/h4>\n<article class=\"w-full text-token-text-primary\" dir=\"auto\" data-testid=\"conversation-turn-6\" data-scroll-anchor=\"false\">\n<div class=\"text-base my-auto mx-auto py-5 px-6\">\n<div class=\"mx-auto flex flex-1 text-base gap-4 md:gap-5 lg:gap-6 md:max-w-3xl lg:max-w-[40rem] xl:max-w-[48rem] group\/turn-messages focus-visible:outline-none\" tabindex=\"-1\">\n<div class=\"group\/conversation-turn relative flex w-full min-w-0 flex-col agent-turn @xs\/thread:px-0 @sm\/thread:px-1.5 @md\/thread:px-4\">\n<div class=\"relative flex-col gap-1 md:gap-3\">\n<div class=\"flex max-w-full flex-col flex-grow\">\n<div class=\"min-h-8 text-message relative flex w-full flex-col items-end gap-2 whitespace-normal break-words text-start [.text-message+&]:mt-5\" dir=\"auto\" data-message-author-role=\"assistant\" data-message-id=\"22bf611b-5ee2-44e8-8125-e824cbb52873\" data-message-model-slug=\"gpt-4o\">\n<div class=\"flex w-full flex-col gap-1 empty:hidden first:pt-[3px]\">\n<div class=\"markdown prose w-full break-words dark:prose-invert dark\">\n<p class=\"\" data-start=\"55\" data-end=\"408\">The Caravan Bike Travel fair in Nitra brought a successful presentation of experiences for visitors who are actively looking for specific forms of adventure and relaxation. Cooperation with <strong data-start=\"236\" data-end=\"253\">OOCR Bardejov<\/strong> a <strong data-start=\"256\" data-end=\"277\">OOCR Region \u0160ari\u0161<\/strong> allowed to present a wide range of tourism opportunities with a focus on cycling, history and regional gastronomy.<\/p>\n<p class=\"\" data-start=\"459\" data-end=\"739\">Families with children were most interested in the available cycle paths, the safety of the routes and family activities in the region. University students from the Faculty of Marketing and Business at SPU in Nitra, analysed the possibilities of active travel and experiential tourism.<\/p>\nThe main themes that appealed to visitors were:\n<ul>\n \t<li data-start=\"741\" data-end=\"1066\"><strong data-start=\"788\" data-end=\"806\">Cycling<\/strong> - singletracks, circuits, quality of routes, accommodation and services<\/li>\n \t<li><strong data-start=\"886\" data-end=\"913\">Nature and adventure<\/strong> - Sigord, Opal mines, manor houses and camping opportunities.<\/li>\n \t<li><strong data-start=\"961\" data-end=\"992\">History and war themes<\/strong> - World War I and World War II (Svidn\u00edk), \u0160ari\u0161 Castle, (un)discovered Solivar.<\/li>\n<\/ul>\n<p data-start=\"741\" data-end=\"1066\"><strong data-start=\"3147\" data-end=\"3166\">Main outcomes:<\/strong><\/p>\n\n<ul>\n \t<li data-start=\"741\" data-end=\"1066\"><strong data-start=\"1183\" data-end=\"1214\">Period kitchen of the 12th century<\/strong> - recipes of kings, tasting of traditional Sharis cakes<\/li>\n \t<li data-start=\"741\" data-end=\"1066\"><strong data-start=\"1280\" data-end=\"1301\">Medieval examples<\/strong> - armourer, fencing, period board games, the opportunity to try out weapons, shields and historical clothing<\/li>\n<\/ul>\n<p data-start=\"1115\" data-end=\"1393\"><\/p>\n\n<\/div>\n<p data-start=\"1115\" data-end=\"1393\"><a href=\"https:\/\/www.regionsaris.sk\/wp-content\/uploads\/2025\/12\/487325147_1492616971788866_2126845833693909587_n.jpg\"><img loading=\"lazy\" decoding=\"async\" class=\"wp-image-30011 alignnone\" src=\"https:\/\/www.regionsaris.sk\/wp-content\/uploads\/2025\/12\/487325147_1492616971788866_2126845833693909587_n-300x169.jpg\" alt=\"\" width=\"770\" height=\"434\" \/><\/a><\/p>\n\n<\/div>\n<div class=\"flex w-full flex-col gap-1 empty:hidden first:pt-[3px]\">\n<div class=\"markdown prose w-full break-words dark:prose-invert dark\">\n<h3 class=\"\" data-start=\"1395\" data-end=\"1410\"><strong data-start=\"1399\" data-end=\"1408\">Conclusion<\/strong><\/h3>\n<p class=\"\" data-start=\"1411\" data-end=\"1781\">Participating in the Caravan Bike Travel exhibition has proven to be an effective way to showcase the region, offering authentic and specific experiences. Visitors appreciated the interactive form of promotion and were looking for specific opportunities for cycling and historical adventures. The \u0160ari\u0161 region thus strengthened its position among attractive destinations for active travellers.<\/p>\n\n<\/div>\n<\/div>\n<\/div>\n<\/div>\n<\/div>\n<div class=\"absolute\">\n<div class=\"flex items-center justify-center\"><\/div>\n<\/div>\n<\/div>\n<\/div>\n<\/div>\n<\/article><article class=\"w-full text-token-text-primary\" dir=\"auto\" data-testid=\"conversation-turn-7\" data-scroll-anchor=\"false\">\n<h5 class=\"sr-only\"><\/h5>\n<\/article>\u00a0\n\n<em><strong>Overall evaluation of participation in trade fairs<\/strong><\/em>\n\nThe participation of OOCR Region \u0160ari\u0161 in these fairs brought a significant strengthening of awareness of the region and identified key trends in tourism. The main benefits include the acquisition of new contacts with experts, travel agencies and influencers, which has enabled wider visibility of \u0160ari\u0161 at international level. At the same time, new marketing strategies such as digital campaigns and interactive presentations were implemented, which contributed to an even better presentation of the region. Another important result is the expansion of cooperation with journalists and experts in foreign markets. OOCR Region \u0160ari\u0161 will continue to work actively on innovations in the presentation of the destination and the development of new tourism products in order to attract even more visitors to this unique region.\n\n\u00a0\n\n\u00a0","protected":false},"excerpt":{"rendered":"<p>V uplynul\u00fdch mesiacoch sa Organiz\u00e1cia cestovn\u00e9ho ruchu (OOCR) Regi\u00f3n \u0160ari\u0161 akt\u00edvne zapojila do viacer\u00fdch prest\u00ed\u017enych...<\/p>","protected":false},"author":1,"featured_media":567,"comment_status":"open","ping_status":"open","sticky":false,"template":"","format":"standard","meta":{"_acf_changed":false,"footnotes":""},"categories":[1],"tags":[],"class_list":["post-565","post","type-post","status-publish","format-standard","has-post-thumbnail","hentry","category-novinky"],"acf":[],"yoast_head":"<!-- This site is optimized with the Yoast SEO Premium plugin v26.3 (Yoast SEO v26.8) - https:\/\/yoast.com\/product\/yoast-seo-premium-wordpress\/ -->\n<title>Regi\u00f3n \u0160ari\u0161 sa reprezentoval doma i v zahrani\u010d\u00ed - OOCR \u0160ari\u0161<\/title>\n<meta name=\"robots\" content=\"index, follow, max-snippet:-1, max-image-preview:large, max-video-preview:-1\" \/>\n<link rel=\"canonical\" href=\"https:\/\/www.regionsaris.sk\/en\/region-saris-sa-reprezentoval-doma-i-v-zahranici\/\" \/>\n<meta property=\"og:locale\" content=\"en_GB\" \/>\n<meta property=\"og:type\" content=\"article\" \/>\n<meta property=\"og:title\" content=\"Regi\u00f3n \u0160ari\u0161 sa reprezentoval doma i v zahrani\u010d\u00ed\" \/>\n<meta property=\"og:description\" content=\"V uplynul\u00fdch mesiacoch sa Organiz\u00e1cia cestovn\u00e9ho ruchu (OOCR) Regi\u00f3n \u0160ari\u0161 akt\u00edvne zapojila do viacer\u00fdch prest\u00ed\u017enych...\" \/>\n<meta property=\"og:url\" content=\"https:\/\/www.regionsaris.sk\/en\/region-saris-sa-reprezentoval-doma-i-v-zahranici\/\" \/>\n<meta property=\"og:site_name\" content=\"OOCR \u0160ari\u0161\" \/>\n<meta property=\"article:published_time\" content=\"2025-03-24T12:56:40+00:00\" \/>\n<meta property=\"article:modified_time\" content=\"2025-12-15T09:12:01+00:00\" \/>\n<meta property=\"og:image\" content=\"https:\/\/www.regionsaris.sk\/wp-content\/uploads\/2025\/12\/475743682_1446453723071858_9133458843884284106_n.jpg\" \/>\n\t<meta property=\"og:image:width\" content=\"1536\" \/>\n\t<meta property=\"og:image:height\" content=\"2048\" \/>\n\t<meta property=\"og:image:type\" content=\"image\/jpeg\" \/>\n<meta name=\"author\" content=\"dev@bigway.sk\" \/>\n<meta name=\"twitter:card\" content=\"summary_large_image\" \/>\n<meta name=\"twitter:label1\" content=\"Written by\" \/>\n\t<meta name=\"twitter:data1\" content=\"dev@bigway.sk\" \/>\n\t<meta name=\"twitter:label2\" content=\"Estimated reading time\" \/>\n\t<meta name=\"twitter:data2\" content=\"5 minutes\" \/>\n<script type=\"application\/ld+json\" class=\"yoast-schema-graph\">{\"@context\":\"https:\/\/schema.org\",\"@graph\":[{\"@type\":\"Article\",\"@id\":\"https:\/\/www.regionsaris.sk\/region-saris-sa-reprezentoval-doma-i-v-zahranici\/#article\",\"isPartOf\":{\"@id\":\"https:\/\/www.regionsaris.sk\/region-saris-sa-reprezentoval-doma-i-v-zahranici\/\"},\"author\":{\"name\":\"dev@bigway.sk\",\"@id\":\"https:\/\/www.regionsaris.sk\/#\/schema\/person\/30fad06d87cd12ad1d94ff5fbd6919d1\"},\"headline\":\"Regi\u00f3n \u0160ari\u0161 sa reprezentoval doma i v zahrani\u010d\u00ed\",\"datePublished\":\"2025-03-24T12:56:40+00:00\",\"dateModified\":\"2025-12-15T09:12:01+00:00\",\"mainEntityOfPage\":{\"@id\":\"https:\/\/www.regionsaris.sk\/region-saris-sa-reprezentoval-doma-i-v-zahranici\/\"},\"wordCount\":1070,\"commentCount\":0,\"image\":{\"@id\":\"https:\/\/www.regionsaris.sk\/region-saris-sa-reprezentoval-doma-i-v-zahranici\/#primaryimage\"},\"thumbnailUrl\":\"https:\/\/www.regionsaris.sk\/wp-content\/uploads\/2025\/12\/475743682_1446453723071858_9133458843884284106_n.jpg\",\"articleSection\":[\"Novinky\"],\"inLanguage\":\"en-GB\",\"potentialAction\":[{\"@type\":\"CommentAction\",\"name\":\"Comment\",\"target\":[\"https:\/\/www.regionsaris.sk\/region-saris-sa-reprezentoval-doma-i-v-zahranici\/#respond\"]}]},{\"@type\":\"WebPage\",\"@id\":\"https:\/\/www.regionsaris.sk\/region-saris-sa-reprezentoval-doma-i-v-zahranici\/\",\"url\":\"https:\/\/www.regionsaris.sk\/region-saris-sa-reprezentoval-doma-i-v-zahranici\/\",\"name\":\"Regi\u00f3n \u0160ari\u0161 sa reprezentoval doma i v zahrani\u010d\u00ed - OOCR \u0160ari\u0161\",\"isPartOf\":{\"@id\":\"https:\/\/www.regionsaris.sk\/#website\"},\"primaryImageOfPage\":{\"@id\":\"https:\/\/www.regionsaris.sk\/region-saris-sa-reprezentoval-doma-i-v-zahranici\/#primaryimage\"},\"image\":{\"@id\":\"https:\/\/www.regionsaris.sk\/region-saris-sa-reprezentoval-doma-i-v-zahranici\/#primaryimage\"},\"thumbnailUrl\":\"https:\/\/www.regionsaris.sk\/wp-content\/uploads\/2025\/12\/475743682_1446453723071858_9133458843884284106_n.jpg\",\"datePublished\":\"2025-03-24T12:56:40+00:00\",\"dateModified\":\"2025-12-15T09:12:01+00:00\",\"author\":{\"@id\":\"https:\/\/www.regionsaris.sk\/#\/schema\/person\/30fad06d87cd12ad1d94ff5fbd6919d1\"},\"breadcrumb\":{\"@id\":\"https:\/\/www.regionsaris.sk\/region-saris-sa-reprezentoval-doma-i-v-zahranici\/#breadcrumb\"},\"inLanguage\":\"en-GB\",\"potentialAction\":[{\"@type\":\"ReadAction\",\"target\":[\"https:\/\/www.regionsaris.sk\/region-saris-sa-reprezentoval-doma-i-v-zahranici\/\"]}]},{\"@type\":\"ImageObject\",\"inLanguage\":\"en-GB\",\"@id\":\"https:\/\/www.regionsaris.sk\/region-saris-sa-reprezentoval-doma-i-v-zahranici\/#primaryimage\",\"url\":\"https:\/\/www.regionsaris.sk\/wp-content\/uploads\/2025\/12\/475743682_1446453723071858_9133458843884284106_n.jpg\",\"contentUrl\":\"https:\/\/www.regionsaris.sk\/wp-content\/uploads\/2025\/12\/475743682_1446453723071858_9133458843884284106_n.jpg\",\"width\":1536,\"height\":2048},{\"@type\":\"BreadcrumbList\",\"@id\":\"https:\/\/www.regionsaris.sk\/region-saris-sa-reprezentoval-doma-i-v-zahranici\/#breadcrumb\",\"itemListElement\":[{\"@type\":\"ListItem\",\"position\":1,\"name\":\"Domov\",\"item\":\"https:\/\/www.regionsaris.sk\/\"},{\"@type\":\"ListItem\",\"position\":2,\"name\":\"Regi\u00f3n \u0160ari\u0161 sa reprezentoval doma i v zahrani\u010d\u00ed\"}]},{\"@type\":\"WebSite\",\"@id\":\"https:\/\/www.regionsaris.sk\/#website\",\"url\":\"https:\/\/www.regionsaris.sk\/\",\"name\":\"OOCR \u0160ari\u0161\",\"description\":\"\",\"potentialAction\":[{\"@type\":\"SearchAction\",\"target\":{\"@type\":\"EntryPoint\",\"urlTemplate\":\"https:\/\/www.regionsaris.sk\/?s={search_term_string}\"},\"query-input\":{\"@type\":\"PropertyValueSpecification\",\"valueRequired\":true,\"valueName\":\"search_term_string\"}}],\"inLanguage\":\"en-GB\"},{\"@type\":\"Person\",\"@id\":\"https:\/\/www.regionsaris.sk\/#\/schema\/person\/30fad06d87cd12ad1d94ff5fbd6919d1\",\"name\":\"dev@bigway.sk\",\"image\":{\"@type\":\"ImageObject\",\"inLanguage\":\"en-GB\",\"@id\":\"https:\/\/www.regionsaris.sk\/#\/schema\/person\/image\/\",\"url\":\"https:\/\/secure.gravatar.com\/avatar\/013b34bc1192067340cff024d72adf40af543d15809da0502beda083cb4f28a2?s=96&d=mm&r=g\",\"contentUrl\":\"https:\/\/secure.gravatar.com\/avatar\/013b34bc1192067340cff024d72adf40af543d15809da0502beda083cb4f28a2?s=96&d=mm&r=g\",\"caption\":\"dev@bigway.sk\"},\"sameAs\":[\"https:\/\/www.regionsaris.sk\"],\"url\":\"https:\/\/www.regionsaris.sk\/en\/author\/devbigway-sk\/\"}]}<\/script>\n<!-- \/ Yoast SEO Premium plugin. -->","yoast_head_json":{"title":"Regi\u00f3n \u0160ari\u0161 sa reprezentoval doma i v zahrani\u010d\u00ed - OOCR \u0160ari\u0161","robots":{"index":"index","follow":"follow","max-snippet":"max-snippet:-1","max-image-preview":"max-image-preview:large","max-video-preview":"max-video-preview:-1"},"canonical":"https:\/\/www.regionsaris.sk\/en\/region-saris-sa-reprezentoval-doma-i-v-zahranici\/","og_locale":"en_GB","og_type":"article","og_title":"Regi\u00f3n \u0160ari\u0161 sa reprezentoval doma i v zahrani\u010d\u00ed","og_description":"V uplynul\u00fdch mesiacoch sa Organiz\u00e1cia cestovn\u00e9ho ruchu (OOCR) Regi\u00f3n \u0160ari\u0161 akt\u00edvne zapojila do viacer\u00fdch prest\u00ed\u017enych...","og_url":"https:\/\/www.regionsaris.sk\/en\/region-saris-sa-reprezentoval-doma-i-v-zahranici\/","og_site_name":"OOCR \u0160ari\u0161","article_published_time":"2025-03-24T12:56:40+00:00","article_modified_time":"2025-12-15T09:12:01+00:00","og_image":[{"width":1536,"height":2048,"url":"https:\/\/www.regionsaris.sk\/wp-content\/uploads\/2025\/12\/475743682_1446453723071858_9133458843884284106_n.jpg","type":"image\/jpeg"}],"author":"dev@bigway.sk","twitter_card":"summary_large_image","twitter_misc":{"Written by":"dev@bigway.sk","Estimated reading time":"5 minutes"},"schema":{"@context":"https:\/\/schema.org","@graph":[{"@type":"Article","@id":"https:\/\/www.regionsaris.sk\/region-saris-sa-reprezentoval-doma-i-v-zahranici\/#article","isPartOf":{"@id":"https:\/\/www.regionsaris.sk\/region-saris-sa-reprezentoval-doma-i-v-zahranici\/"},"author":{"name":"dev@bigway.sk","@id":"https:\/\/www.regionsaris.sk\/#\/schema\/person\/30fad06d87cd12ad1d94ff5fbd6919d1"},"headline":"Regi\u00f3n \u0160ari\u0161 sa reprezentoval doma i v zahrani\u010d\u00ed","datePublished":"2025-03-24T12:56:40+00:00","dateModified":"2025-12-15T09:12:01+00:00","mainEntityOfPage":{"@id":"https:\/\/www.regionsaris.sk\/region-saris-sa-reprezentoval-doma-i-v-zahranici\/"},"wordCount":1070,"commentCount":0,"image":{"@id":"https:\/\/www.regionsaris.sk\/region-saris-sa-reprezentoval-doma-i-v-zahranici\/#primaryimage"},"thumbnailUrl":"https:\/\/www.regionsaris.sk\/wp-content\/uploads\/2025\/12\/475743682_1446453723071858_9133458843884284106_n.jpg","articleSection":["Novinky"],"inLanguage":"en-GB","potentialAction":[{"@type":"CommentAction","name":"Comment","target":["https:\/\/www.regionsaris.sk\/region-saris-sa-reprezentoval-doma-i-v-zahranici\/#respond"]}]},{"@type":"WebPage","@id":"https:\/\/www.regionsaris.sk\/region-saris-sa-reprezentoval-doma-i-v-zahranici\/","url":"https:\/\/www.regionsaris.sk\/region-saris-sa-reprezentoval-doma-i-v-zahranici\/","name":"Regi\u00f3n \u0160ari\u0161 sa reprezentoval doma i v zahrani\u010d\u00ed - OOCR \u0160ari\u0161","isPartOf":{"@id":"https:\/\/www.regionsaris.sk\/#website"},"primaryImageOfPage":{"@id":"https:\/\/www.regionsaris.sk\/region-saris-sa-reprezentoval-doma-i-v-zahranici\/#primaryimage"},"image":{"@id":"https:\/\/www.regionsaris.sk\/region-saris-sa-reprezentoval-doma-i-v-zahranici\/#primaryimage"},"thumbnailUrl":"https:\/\/www.regionsaris.sk\/wp-content\/uploads\/2025\/12\/475743682_1446453723071858_9133458843884284106_n.jpg","datePublished":"2025-03-24T12:56:40+00:00","dateModified":"2025-12-15T09:12:01+00:00","author":{"@id":"https:\/\/www.regionsaris.sk\/#\/schema\/person\/30fad06d87cd12ad1d94ff5fbd6919d1"},"breadcrumb":{"@id":"https:\/\/www.regionsaris.sk\/region-saris-sa-reprezentoval-doma-i-v-zahranici\/#breadcrumb"},"inLanguage":"en-GB","potentialAction":[{"@type":"ReadAction","target":["https:\/\/www.regionsaris.sk\/region-saris-sa-reprezentoval-doma-i-v-zahranici\/"]}]},{"@type":"ImageObject","inLanguage":"en-GB","@id":"https:\/\/www.regionsaris.sk\/region-saris-sa-reprezentoval-doma-i-v-zahranici\/#primaryimage","url":"https:\/\/www.regionsaris.sk\/wp-content\/uploads\/2025\/12\/475743682_1446453723071858_9133458843884284106_n.jpg","contentUrl":"https:\/\/www.regionsaris.sk\/wp-content\/uploads\/2025\/12\/475743682_1446453723071858_9133458843884284106_n.jpg","width":1536,"height":2048},{"@type":"BreadcrumbList","@id":"https:\/\/www.regionsaris.sk\/region-saris-sa-reprezentoval-doma-i-v-zahranici\/#breadcrumb","itemListElement":[{"@type":"ListItem","position":1,"name":"Domov","item":"https:\/\/www.regionsaris.sk\/"},{"@type":"ListItem","position":2,"name":"Regi\u00f3n \u0160ari\u0161 sa reprezentoval doma i v zahrani\u010d\u00ed"}]},{"@type":"WebSite","@id":"https:\/\/www.regionsaris.sk\/#website","url":"https:\/\/www.regionsaris.sk\/","name":"OOCR \u0160ari\u0161","description":"","potentialAction":[{"@type":"SearchAction","target":{"@type":"EntryPoint","urlTemplate":"https:\/\/www.regionsaris.sk\/?s={search_term_string}"},"query-input":{"@type":"PropertyValueSpecification","valueRequired":true,"valueName":"search_term_string"}}],"inLanguage":"en-GB"},{"@type":"Person","@id":"https:\/\/www.regionsaris.sk\/#\/schema\/person\/30fad06d87cd12ad1d94ff5fbd6919d1","name":"dev@bigway.sk","image":{"@type":"ImageObject","inLanguage":"en-GB","@id":"https:\/\/www.regionsaris.sk\/#\/schema\/person\/image\/","url":"https:\/\/secure.gravatar.com\/avatar\/013b34bc1192067340cff024d72adf40af543d15809da0502beda083cb4f28a2?s=96&d=mm&r=g","contentUrl":"https:\/\/secure.gravatar.com\/avatar\/013b34bc1192067340cff024d72adf40af543d15809da0502beda083cb4f28a2?s=96&d=mm&r=g","caption":"dev@bigway.sk"},"sameAs":["https:\/\/www.regionsaris.sk"],"url":"https:\/\/www.regionsaris.sk\/en\/author\/devbigway-sk\/"}]}},"_links":{"self":[{"href":"https:\/\/www.regionsaris.sk\/en\/wp-json\/wp\/v2\/posts\/565","targetHints":{"allow":["GET"]}}],"collection":[{"href":"https:\/\/www.regionsaris.sk\/en\/wp-json\/wp\/v2\/posts"}],"about":[{"href":"https:\/\/www.regionsaris.sk\/en\/wp-json\/wp\/v2\/types\/post"}],"author":[{"embeddable":true,"href":"https:\/\/www.regionsaris.sk\/en\/wp-json\/wp\/v2\/users\/1"}],"replies":[{"embeddable":true,"href":"https:\/\/www.regionsaris.sk\/en\/wp-json\/wp\/v2\/comments?post=565"}],"version-history":[{"count":1,"href":"https:\/\/www.regionsaris.sk\/en\/wp-json\/wp\/v2\/posts\/565\/revisions"}],"predecessor-version":[{"id":572,"href":"https:\/\/www.regionsaris.sk\/en\/wp-json\/wp\/v2\/posts\/565\/revisions\/572"}],"wp:featuredmedia":[{"embeddable":true,"href":"https:\/\/www.regionsaris.sk\/en\/wp-json\/wp\/v2\/media\/567"}],"wp:attachment":[{"href":"https:\/\/www.regionsaris.sk\/en\/wp-json\/wp\/v2\/media?parent=565"}],"wp:term":[{"taxonomy":"category","embeddable":true,"href":"https:\/\/www.regionsaris.sk\/en\/wp-json\/wp\/v2\/categories?post=565"},{"taxonomy":"post_tag","embeddable":true,"href":"https:\/\/www.regionsaris.sk\/en\/wp-json\/wp\/v2\/tags?post=565"}],"curies":[{"name":"wp","href":"https:\/\/api.w.org\/{rel}","templated":true}]}}