{"id":3931,"date":"2026-03-04T10:08:57","date_gmt":"2026-03-04T09:08:57","guid":{"rendered":"https:\/\/www.regionsaris.sk\/?p=3931"},"modified":"2026-03-05T09:01:32","modified_gmt":"2026-03-05T08:01:32","slug":"den-zien-plny-kultury","status":"publish","type":"post","link":"https:\/\/www.regionsaris.sk\/en\/den-zien-plny-kultury\/","title":{"rendered":"Women's Day full of culture"},"content":{"rendered":"<p>Almost the entire world commemorates International Women's Day on 8 March every year as a day of respect, gratitude and appreciation for all women - mothers, daughters, colleagues, friends and personalities who have shaped our history and present.<\/p>\n\n\n\n<p>Cultural programmes, concerts, theatre performances and community meetings are held in the towns and villages of the region to mark the occasion. The atmosphere is usually full of music, flowers and kind gestures to express gratitude for the work, care and energy that women put into their families and society every day.<\/p>\n\n\n\n<p>Special events are regularly held in the regional or district towns of the city, as well as in historical places such as \u0160ari\u0161 Castle or in other parts of the region. Women's Day here is not just a formal holiday - it is an opportunity to meet, share stories and commemorate important female personalities of \u0160ari\u0161.<\/p>\n\n\n\n<p>\u0160ari\u0161 has a rich tradition of strong female figures - from noblewomen and patrons of culture to teachers, artists and active women of today who contribute to the development of the region. It is this day that creates a space to not only acknowledge their contribution, but also to publicly celebrate it.<\/p>\n\n\n\n<p>International Women's Day in \u0160ari\u0161 thus combines tradition with a modern view of the position of women in society. It is a holiday that reminds us of the values of respect, equality and solidarity - and at the same time brings the joy of personal encounters and moments together. <\/p>\n\n\n\n<p>Here's a rundown of some of the events planned to celebrate women this weekend. Get inspired and head out into the community to celebrate womanhood.<\/p>\n\n\n\n<figure class=\"wp-block-gallery has-nested-images columns-default is-cropped wp-block-gallery-1 is-layout-flex wp-block-gallery-is-layout-flex\">\n<figure class=\"wp-block-image size-large\"><img loading=\"lazy\" decoding=\"async\" width=\"724\" height=\"1024\" data-id=\"3932\" src=\"https:\/\/www.regionsaris.sk\/wp-content\/uploads\/2026\/03\/den-zien-na-hrade-saris-oocrrs-724x1024.jpg\" alt=\"\" class=\"wp-image-3932\" srcset=\"https:\/\/www.regionsaris.sk\/wp-content\/uploads\/2026\/03\/den-zien-na-hrade-saris-oocrrs-724x1024.jpg 724w, https:\/\/www.regionsaris.sk\/wp-content\/uploads\/2026\/03\/den-zien-na-hrade-saris-oocrrs-212x300.jpg 212w, https:\/\/www.regionsaris.sk\/wp-content\/uploads\/2026\/03\/den-zien-na-hrade-saris-oocrrs-768x1086.jpg 768w, https:\/\/www.regionsaris.sk\/wp-content\/uploads\/2026\/03\/den-zien-na-hrade-saris-oocrrs-1087x1536.jpg 1087w, https:\/\/www.regionsaris.sk\/wp-content\/uploads\/2026\/03\/den-zien-na-hrade-saris-oocrrs-8x12.jpg 8w, https:\/\/www.regionsaris.sk\/wp-content\/uploads\/2026\/03\/den-zien-na-hrade-saris-oocrrs.jpg 1415w\" sizes=\"auto, (max-width: 724px) 100vw, 724px\" \/><\/figure>\n\n\n\n<figure class=\"wp-block-image size-large\"><img loading=\"lazy\" decoding=\"async\" width=\"724\" height=\"1024\" data-id=\"3935\" src=\"https:\/\/www.regionsaris.sk\/wp-content\/uploads\/2026\/03\/den-zien-objavovanie-presova-oocrrs-724x1024.jpg\" alt=\"\" class=\"wp-image-3935\" srcset=\"https:\/\/www.regionsaris.sk\/wp-content\/uploads\/2026\/03\/den-zien-objavovanie-presova-oocrrs-724x1024.jpg 724w, https:\/\/www.regionsaris.sk\/wp-content\/uploads\/2026\/03\/den-zien-objavovanie-presova-oocrrs-212x300.jpg 212w, https:\/\/www.regionsaris.sk\/wp-content\/uploads\/2026\/03\/den-zien-objavovanie-presova-oocrrs-768x1086.jpg 768w, https:\/\/www.regionsaris.sk\/wp-content\/uploads\/2026\/03\/den-zien-objavovanie-presova-oocrrs-1086x1536.jpg 1086w, https:\/\/www.regionsaris.sk\/wp-content\/uploads\/2026\/03\/den-zien-objavovanie-presova-oocrrs-8x12.jpg 8w, https:\/\/www.regionsaris.sk\/wp-content\/uploads\/2026\/03\/den-zien-objavovanie-presova-oocrrs.jpg 1448w\" sizes=\"auto, (max-width: 724px) 100vw, 724px\" \/><\/figure>\n\n\n\n<figure class=\"wp-block-image size-large\"><img loading=\"lazy\" decoding=\"async\" width=\"819\" height=\"1024\" data-id=\"3933\" src=\"https:\/\/www.regionsaris.sk\/wp-content\/uploads\/2026\/03\/den-zien-poetika-oocrrs-819x1024.jpg\" alt=\"\" class=\"wp-image-3933\" srcset=\"https:\/\/www.regionsaris.sk\/wp-content\/uploads\/2026\/03\/den-zien-poetika-oocrrs-819x1024.jpg 819w, https:\/\/www.regionsaris.sk\/wp-content\/uploads\/2026\/03\/den-zien-poetika-oocrrs-240x300.jpg 240w, https:\/\/www.regionsaris.sk\/wp-content\/uploads\/2026\/03\/den-zien-poetika-oocrrs-768x960.jpg 768w, https:\/\/www.regionsaris.sk\/wp-content\/uploads\/2026\/03\/den-zien-poetika-oocrrs-10x12.jpg 10w, https:\/\/www.regionsaris.sk\/wp-content\/uploads\/2026\/03\/den-zien-poetika-oocrrs.jpg 1080w\" sizes=\"auto, (max-width: 819px) 100vw, 819px\" \/><\/figure>\n\n\n\n<figure class=\"wp-block-image size-large\"><img loading=\"lazy\" decoding=\"async\" width=\"729\" height=\"1024\" data-id=\"3936\" src=\"https:\/\/www.regionsaris.sk\/wp-content\/uploads\/2026\/03\/den-zien-s-divadlom-klud-oocrrs-729x1024.jpg\" alt=\"\" class=\"wp-image-3936\" srcset=\"https:\/\/www.regionsaris.sk\/wp-content\/uploads\/2026\/03\/den-zien-s-divadlom-klud-oocrrs-729x1024.jpg 729w, https:\/\/www.regionsaris.sk\/wp-content\/uploads\/2026\/03\/den-zien-s-divadlom-klud-oocrrs-214x300.jpg 214w, https:\/\/www.regionsaris.sk\/wp-content\/uploads\/2026\/03\/den-zien-s-divadlom-klud-oocrrs-768x1079.jpg 768w, https:\/\/www.regionsaris.sk\/wp-content\/uploads\/2026\/03\/den-zien-s-divadlom-klud-oocrrs-1094x1536.jpg 1094w, https:\/\/www.regionsaris.sk\/wp-content\/uploads\/2026\/03\/den-zien-s-divadlom-klud-oocrrs-9x12.jpg 9w, https:\/\/www.regionsaris.sk\/wp-content\/uploads\/2026\/03\/den-zien-s-divadlom-klud-oocrrs.jpg 1179w\" sizes=\"auto, (max-width: 729px) 100vw, 729px\" \/><\/figure>\n\n\n\n<figure class=\"wp-block-image size-large\"><img loading=\"lazy\" decoding=\"async\" width=\"724\" height=\"1024\" data-id=\"3937\" src=\"https:\/\/www.regionsaris.sk\/wp-content\/uploads\/2026\/03\/den-zien-show-oocrrs-724x1024.jpg\" alt=\"\" class=\"wp-image-3937\" srcset=\"https:\/\/www.regionsaris.sk\/wp-content\/uploads\/2026\/03\/den-zien-show-oocrrs-724x1024.jpg 724w, https:\/\/www.regionsaris.sk\/wp-content\/uploads\/2026\/03\/den-zien-show-oocrrs-212x300.jpg 212w, https:\/\/www.regionsaris.sk\/wp-content\/uploads\/2026\/03\/den-zien-show-oocrrs-768x1086.jpg 768w, https:\/\/www.regionsaris.sk\/wp-content\/uploads\/2026\/03\/den-zien-show-oocrrs-1086x1536.jpg 1086w, https:\/\/www.regionsaris.sk\/wp-content\/uploads\/2026\/03\/den-zien-show-oocrrs-8x12.jpg 8w, https:\/\/www.regionsaris.sk\/wp-content\/uploads\/2026\/03\/den-zien-show-oocrrs.jpg 1414w\" sizes=\"auto, (max-width: 724px) 100vw, 724px\" \/><\/figure>\n\n\n\n<figure class=\"wp-block-image size-large\"><img loading=\"lazy\" decoding=\"async\" width=\"724\" height=\"1024\" data-id=\"3934\" src=\"https:\/\/www.regionsaris.sk\/wp-content\/uploads\/2026\/03\/den-zien-sigord-oocrrs-724x1024.jpg\" alt=\"\" class=\"wp-image-3934\" srcset=\"https:\/\/www.regionsaris.sk\/wp-content\/uploads\/2026\/03\/den-zien-sigord-oocrrs-724x1024.jpg 724w, https:\/\/www.regionsaris.sk\/wp-content\/uploads\/2026\/03\/den-zien-sigord-oocrrs-212x300.jpg 212w, https:\/\/www.regionsaris.sk\/wp-content\/uploads\/2026\/03\/den-zien-sigord-oocrrs-768x1087.jpg 768w, https:\/\/www.regionsaris.sk\/wp-content\/uploads\/2026\/03\/den-zien-sigord-oocrrs-1085x1536.jpg 1085w, https:\/\/www.regionsaris.sk\/wp-content\/uploads\/2026\/03\/den-zien-sigord-oocrrs-8x12.jpg 8w, https:\/\/www.regionsaris.sk\/wp-content\/uploads\/2026\/03\/den-zien-sigord-oocrrs.jpg 1447w\" sizes=\"auto, (max-width: 724px) 100vw, 724px\" \/><\/figure>\n<\/figure>\n\n\n\n<p>Source: the Regional Tourism Organisation Regi\u00f3n \u0160ari\u0161<br>Photo source: the Regional Tourism Organisation Regi\u00f3n \u0160ari\u0161<\/p>\n\n\n\n<p><\/p>","protected":false},"excerpt":{"rendered":"<p>Almost the whole world commemorates International Women's Day on 8 March every year as a day of respect, thanksgiving...<\/p>","protected":false},"author":3,"featured_media":3947,"comment_status":"closed","ping_status":"closed","sticky":false,"template":"","format":"standard","meta":{"_acf_changed":false,"footnotes":""},"categories":[1],"tags":[],"class_list":["post-3931","post","type-post","status-publish","format-standard","has-post-thumbnail","hentry","category-novinky"],"acf":[],"yoast_head":"<!-- This site is optimized with the Yoast SEO Premium plugin v26.3 (Yoast SEO v26.8) - https:\/\/yoast.com\/product\/yoast-seo-premium-wordpress\/ -->\n<title>De\u0148 \u017eien pln\u00fd kult\u00fary - OOCR \u0160ari\u0161<\/title>\n<meta name=\"description\" content=\"De\u0148 \u017eien v regione \u0160ari\u0161 bude tento rok pln\u00fd kult\u00fary a z\u00e1\u017eitkov. Vybra\u0165 si m\u00f4\u017eete z bohat\u00e9ho programu vcelom regi\u00f3ne.\" \/>\n<meta name=\"robots\" content=\"index, follow, max-snippet:-1, max-image-preview:large, max-video-preview:-1\" \/>\n<link rel=\"canonical\" href=\"https:\/\/www.regionsaris.sk\/en\/den-zien-plny-kultury\/\" \/>\n<meta property=\"og:locale\" content=\"en_GB\" \/>\n<meta property=\"og:type\" content=\"article\" \/>\n<meta property=\"og:title\" content=\"De\u0148 \u017eien pln\u00fd kult\u00fary\" \/>\n<meta property=\"og:description\" content=\"De\u0148 \u017eien v regione \u0160ari\u0161 bude tento rok pln\u00fd kult\u00fary a z\u00e1\u017eitkov. Vybra\u0165 si m\u00f4\u017eete z bohat\u00e9ho programu vcelom regi\u00f3ne.\" \/>\n<meta property=\"og:url\" content=\"https:\/\/www.regionsaris.sk\/en\/den-zien-plny-kultury\/\" \/>\n<meta property=\"og:site_name\" content=\"OOCR \u0160ari\u0161\" \/>\n<meta property=\"article:published_time\" content=\"2026-03-04T09:08:57+00:00\" \/>\n<meta property=\"article:modified_time\" content=\"2026-03-05T08:01:32+00:00\" \/>\n<meta property=\"og:image\" content=\"https:\/\/www.regionsaris.sk\/wp-content\/uploads\/2026\/03\/den-zien-clanok-oocrrs-1.png\" \/>\n\t<meta property=\"og:image:width\" content=\"1080\" \/>\n\t<meta property=\"og:image:height\" content=\"1350\" \/>\n\t<meta property=\"og:image:type\" content=\"image\/png\" \/>\n<meta name=\"author\" content=\"marketing\" \/>\n<meta name=\"twitter:card\" content=\"summary_large_image\" \/>\n<meta name=\"twitter:label1\" content=\"Written by\" \/>\n\t<meta name=\"twitter:data1\" content=\"marketing\" \/>\n\t<meta name=\"twitter:label2\" content=\"Estimated reading time\" \/>\n\t<meta name=\"twitter:data2\" content=\"3 minutes\" \/>\n<script type=\"application\/ld+json\" class=\"yoast-schema-graph\">{\"@context\":\"https:\/\/schema.org\",\"@graph\":[{\"@type\":\"Article\",\"@id\":\"https:\/\/www.regionsaris.sk\/den-zien-plny-kultury\/#article\",\"isPartOf\":{\"@id\":\"https:\/\/www.regionsaris.sk\/den-zien-plny-kultury\/\"},\"author\":{\"name\":\"marketing\",\"@id\":\"https:\/\/www.regionsaris.sk\/#\/schema\/person\/ec8d3b7d0a3a7dad307f10116198d0b5\"},\"headline\":\"De\u0148 \u017eien pln\u00fd kult\u00fary\",\"datePublished\":\"2026-03-04T09:08:57+00:00\",\"dateModified\":\"2026-03-05T08:01:32+00:00\",\"mainEntityOfPage\":{\"@id\":\"https:\/\/www.regionsaris.sk\/den-zien-plny-kultury\/\"},\"wordCount\":326,\"image\":{\"@id\":\"https:\/\/www.regionsaris.sk\/den-zien-plny-kultury\/#primaryimage\"},\"thumbnailUrl\":\"https:\/\/www.regionsaris.sk\/wp-content\/uploads\/2026\/03\/den-zien-clanok-oocrrs-1.png\",\"articleSection\":[\"Novinky\"],\"inLanguage\":\"en-GB\"},{\"@type\":\"WebPage\",\"@id\":\"https:\/\/www.regionsaris.sk\/den-zien-plny-kultury\/\",\"url\":\"https:\/\/www.regionsaris.sk\/den-zien-plny-kultury\/\",\"name\":\"De\u0148 \u017eien pln\u00fd kult\u00fary - OOCR \u0160ari\u0161\",\"isPartOf\":{\"@id\":\"https:\/\/www.regionsaris.sk\/#website\"},\"primaryImageOfPage\":{\"@id\":\"https:\/\/www.regionsaris.sk\/den-zien-plny-kultury\/#primaryimage\"},\"image\":{\"@id\":\"https:\/\/www.regionsaris.sk\/den-zien-plny-kultury\/#primaryimage\"},\"thumbnailUrl\":\"https:\/\/www.regionsaris.sk\/wp-content\/uploads\/2026\/03\/den-zien-clanok-oocrrs-1.png\",\"datePublished\":\"2026-03-04T09:08:57+00:00\",\"dateModified\":\"2026-03-05T08:01:32+00:00\",\"author\":{\"@id\":\"https:\/\/www.regionsaris.sk\/#\/schema\/person\/ec8d3b7d0a3a7dad307f10116198d0b5\"},\"description\":\"De\u0148 \u017eien v regione \u0160ari\u0161 bude tento rok pln\u00fd kult\u00fary a z\u00e1\u017eitkov. Vybra\u0165 si m\u00f4\u017eete z bohat\u00e9ho programu vcelom regi\u00f3ne.\",\"breadcrumb\":{\"@id\":\"https:\/\/www.regionsaris.sk\/den-zien-plny-kultury\/#breadcrumb\"},\"inLanguage\":\"en-GB\",\"potentialAction\":[{\"@type\":\"ReadAction\",\"target\":[\"https:\/\/www.regionsaris.sk\/den-zien-plny-kultury\/\"]}]},{\"@type\":\"ImageObject\",\"inLanguage\":\"en-GB\",\"@id\":\"https:\/\/www.regionsaris.sk\/den-zien-plny-kultury\/#primaryimage\",\"url\":\"https:\/\/www.regionsaris.sk\/wp-content\/uploads\/2026\/03\/den-zien-clanok-oocrrs-1.png\",\"contentUrl\":\"https:\/\/www.regionsaris.sk\/wp-content\/uploads\/2026\/03\/den-zien-clanok-oocrrs-1.png\",\"width\":1080,\"height\":1350},{\"@type\":\"BreadcrumbList\",\"@id\":\"https:\/\/www.regionsaris.sk\/den-zien-plny-kultury\/#breadcrumb\",\"itemListElement\":[{\"@type\":\"ListItem\",\"position\":1,\"name\":\"Domov\",\"item\":\"https:\/\/www.regionsaris.sk\/\"},{\"@type\":\"ListItem\",\"position\":2,\"name\":\"De\u0148 \u017eien pln\u00fd kult\u00fary\"}]},{\"@type\":\"WebSite\",\"@id\":\"https:\/\/www.regionsaris.sk\/#website\",\"url\":\"https:\/\/www.regionsaris.sk\/\",\"name\":\"OOCR \u0160ari\u0161\",\"description\":\"\",\"potentialAction\":[{\"@type\":\"SearchAction\",\"target\":{\"@type\":\"EntryPoint\",\"urlTemplate\":\"https:\/\/www.regionsaris.sk\/?s={search_term_string}\"},\"query-input\":{\"@type\":\"PropertyValueSpecification\",\"valueRequired\":true,\"valueName\":\"search_term_string\"}}],\"inLanguage\":\"en-GB\"},{\"@type\":\"Person\",\"@id\":\"https:\/\/www.regionsaris.sk\/#\/schema\/person\/ec8d3b7d0a3a7dad307f10116198d0b5\",\"name\":\"marketing\",\"image\":{\"@type\":\"ImageObject\",\"inLanguage\":\"en-GB\",\"@id\":\"https:\/\/www.regionsaris.sk\/#\/schema\/person\/image\/\",\"url\":\"https:\/\/secure.gravatar.com\/avatar\/d86c85c214091923000a199276e541a97ba20b5109e7b00260a23abc26f5b6c1?s=96&d=mm&r=g\",\"contentUrl\":\"https:\/\/secure.gravatar.com\/avatar\/d86c85c214091923000a199276e541a97ba20b5109e7b00260a23abc26f5b6c1?s=96&d=mm&r=g\",\"caption\":\"marketing\"},\"url\":\"https:\/\/www.regionsaris.sk\/en\/author\/marketing\/\"}]}<\/script>\n<!-- \/ Yoast SEO Premium plugin. -->","yoast_head_json":{"title":"De\u0148 \u017eien pln\u00fd kult\u00fary - OOCR \u0160ari\u0161","description":"De\u0148 \u017eien v regione \u0160ari\u0161 bude tento rok pln\u00fd kult\u00fary a z\u00e1\u017eitkov. Vybra\u0165 si m\u00f4\u017eete z bohat\u00e9ho programu vcelom regi\u00f3ne.","robots":{"index":"index","follow":"follow","max-snippet":"max-snippet:-1","max-image-preview":"max-image-preview:large","max-video-preview":"max-video-preview:-1"},"canonical":"https:\/\/www.regionsaris.sk\/en\/den-zien-plny-kultury\/","og_locale":"en_GB","og_type":"article","og_title":"De\u0148 \u017eien pln\u00fd kult\u00fary","og_description":"De\u0148 \u017eien v regione \u0160ari\u0161 bude tento rok pln\u00fd kult\u00fary a z\u00e1\u017eitkov. Vybra\u0165 si m\u00f4\u017eete z bohat\u00e9ho programu vcelom regi\u00f3ne.","og_url":"https:\/\/www.regionsaris.sk\/en\/den-zien-plny-kultury\/","og_site_name":"OOCR \u0160ari\u0161","article_published_time":"2026-03-04T09:08:57+00:00","article_modified_time":"2026-03-05T08:01:32+00:00","og_image":[{"width":1080,"height":1350,"url":"https:\/\/www.regionsaris.sk\/wp-content\/uploads\/2026\/03\/den-zien-clanok-oocrrs-1.png","type":"image\/png"}],"author":"marketing","twitter_card":"summary_large_image","twitter_misc":{"Written by":"marketing","Estimated reading time":"3 minutes"},"schema":{"@context":"https:\/\/schema.org","@graph":[{"@type":"Article","@id":"https:\/\/www.regionsaris.sk\/den-zien-plny-kultury\/#article","isPartOf":{"@id":"https:\/\/www.regionsaris.sk\/den-zien-plny-kultury\/"},"author":{"name":"marketing","@id":"https:\/\/www.regionsaris.sk\/#\/schema\/person\/ec8d3b7d0a3a7dad307f10116198d0b5"},"headline":"De\u0148 \u017eien pln\u00fd kult\u00fary","datePublished":"2026-03-04T09:08:57+00:00","dateModified":"2026-03-05T08:01:32+00:00","mainEntityOfPage":{"@id":"https:\/\/www.regionsaris.sk\/den-zien-plny-kultury\/"},"wordCount":326,"image":{"@id":"https:\/\/www.regionsaris.sk\/den-zien-plny-kultury\/#primaryimage"},"thumbnailUrl":"https:\/\/www.regionsaris.sk\/wp-content\/uploads\/2026\/03\/den-zien-clanok-oocrrs-1.png","articleSection":["Novinky"],"inLanguage":"en-GB"},{"@type":"WebPage","@id":"https:\/\/www.regionsaris.sk\/den-zien-plny-kultury\/","url":"https:\/\/www.regionsaris.sk\/den-zien-plny-kultury\/","name":"De\u0148 \u017eien pln\u00fd kult\u00fary - OOCR \u0160ari\u0161","isPartOf":{"@id":"https:\/\/www.regionsaris.sk\/#website"},"primaryImageOfPage":{"@id":"https:\/\/www.regionsaris.sk\/den-zien-plny-kultury\/#primaryimage"},"image":{"@id":"https:\/\/www.regionsaris.sk\/den-zien-plny-kultury\/#primaryimage"},"thumbnailUrl":"https:\/\/www.regionsaris.sk\/wp-content\/uploads\/2026\/03\/den-zien-clanok-oocrrs-1.png","datePublished":"2026-03-04T09:08:57+00:00","dateModified":"2026-03-05T08:01:32+00:00","author":{"@id":"https:\/\/www.regionsaris.sk\/#\/schema\/person\/ec8d3b7d0a3a7dad307f10116198d0b5"},"description":"De\u0148 \u017eien v regione \u0160ari\u0161 bude tento rok pln\u00fd kult\u00fary a z\u00e1\u017eitkov. Vybra\u0165 si m\u00f4\u017eete z bohat\u00e9ho programu vcelom regi\u00f3ne.","breadcrumb":{"@id":"https:\/\/www.regionsaris.sk\/den-zien-plny-kultury\/#breadcrumb"},"inLanguage":"en-GB","potentialAction":[{"@type":"ReadAction","target":["https:\/\/www.regionsaris.sk\/den-zien-plny-kultury\/"]}]},{"@type":"ImageObject","inLanguage":"en-GB","@id":"https:\/\/www.regionsaris.sk\/den-zien-plny-kultury\/#primaryimage","url":"https:\/\/www.regionsaris.sk\/wp-content\/uploads\/2026\/03\/den-zien-clanok-oocrrs-1.png","contentUrl":"https:\/\/www.regionsaris.sk\/wp-content\/uploads\/2026\/03\/den-zien-clanok-oocrrs-1.png","width":1080,"height":1350},{"@type":"BreadcrumbList","@id":"https:\/\/www.regionsaris.sk\/den-zien-plny-kultury\/#breadcrumb","itemListElement":[{"@type":"ListItem","position":1,"name":"Domov","item":"https:\/\/www.regionsaris.sk\/"},{"@type":"ListItem","position":2,"name":"De\u0148 \u017eien pln\u00fd kult\u00fary"}]},{"@type":"WebSite","@id":"https:\/\/www.regionsaris.sk\/#website","url":"https:\/\/www.regionsaris.sk\/","name":"OOCR \u0160ari\u0161","description":"","potentialAction":[{"@type":"SearchAction","target":{"@type":"EntryPoint","urlTemplate":"https:\/\/www.regionsaris.sk\/?s={search_term_string}"},"query-input":{"@type":"PropertyValueSpecification","valueRequired":true,"valueName":"search_term_string"}}],"inLanguage":"en-GB"},{"@type":"Person","@id":"https:\/\/www.regionsaris.sk\/#\/schema\/person\/ec8d3b7d0a3a7dad307f10116198d0b5","name":"marketing","image":{"@type":"ImageObject","inLanguage":"en-GB","@id":"https:\/\/www.regionsaris.sk\/#\/schema\/person\/image\/","url":"https:\/\/secure.gravatar.com\/avatar\/d86c85c214091923000a199276e541a97ba20b5109e7b00260a23abc26f5b6c1?s=96&d=mm&r=g","contentUrl":"https:\/\/secure.gravatar.com\/avatar\/d86c85c214091923000a199276e541a97ba20b5109e7b00260a23abc26f5b6c1?s=96&d=mm&r=g","caption":"marketing"},"url":"https:\/\/www.regionsaris.sk\/en\/author\/marketing\/"}]}},"_links":{"self":[{"href":"https:\/\/www.regionsaris.sk\/en\/wp-json\/wp\/v2\/posts\/3931","targetHints":{"allow":["GET"]}}],"collection":[{"href":"https:\/\/www.regionsaris.sk\/en\/wp-json\/wp\/v2\/posts"}],"about":[{"href":"https:\/\/www.regionsaris.sk\/en\/wp-json\/wp\/v2\/types\/post"}],"author":[{"embeddable":true,"href":"https:\/\/www.regionsaris.sk\/en\/wp-json\/wp\/v2\/users\/3"}],"replies":[{"embeddable":true,"href":"https:\/\/www.regionsaris.sk\/en\/wp-json\/wp\/v2\/comments?post=3931"}],"version-history":[{"count":2,"href":"https:\/\/www.regionsaris.sk\/en\/wp-json\/wp\/v2\/posts\/3931\/revisions"}],"predecessor-version":[{"id":3940,"href":"https:\/\/www.regionsaris.sk\/en\/wp-json\/wp\/v2\/posts\/3931\/revisions\/3940"}],"wp:featuredmedia":[{"embeddable":true,"href":"https:\/\/www.regionsaris.sk\/en\/wp-json\/wp\/v2\/media\/3947"}],"wp:attachment":[{"href":"https:\/\/www.regionsaris.sk\/en\/wp-json\/wp\/v2\/media?parent=3931"}],"wp:term":[{"taxonomy":"category","embeddable":true,"href":"https:\/\/www.regionsaris.sk\/en\/wp-json\/wp\/v2\/categories?post=3931"},{"taxonomy":"post_tag","embeddable":true,"href":"https:\/\/www.regionsaris.sk\/en\/wp-json\/wp\/v2\/tags?post=3931"}],"curies":[{"name":"wp","href":"https:\/\/api.w.org\/{rel}","templated":true}]}}