{"id":3839,"date":"2026-02-24T14:18:46","date_gmt":"2026-02-24T13:18:46","guid":{"rendered":"https:\/\/www.regionsaris.sk\/?p=3839"},"modified":"2026-03-27T14:59:06","modified_gmt":"2026-03-27T13:59:06","slug":"oocr-region-saris-na-veltrhu-utazas-2026-v-budapesti","status":"publish","type":"post","link":"https:\/\/www.regionsaris.sk\/en\/oocr-region-saris-na-veltrhu-utazas-2026-v-budapesti\/","title":{"rendered":"OOCR Region \u0160ari\u0161 at the Utaz\u00e1s 2026 fair in Budapest"},"content":{"rendered":"<p>From 18 to 22 February 2026, OOCR Region \u0160ari\u0161 participated in the largest tourism fair in Hungary, Utaz\u00e1s 2026, which took place in the <a href=\"http:\/\/utazas.hungexpo.hu\">HUNGEXPO Budapest<\/a> - Trade Fair Exhibition Centre, 1101 Budapest, Albertirsai \u00fat 10 (Expo t\u00e9r 1).<\/p>\n\n\n\n<p>The Slovak Republic was presented under the heading <a href=\"https:\/\/slovakia.travel\/\">SLOVAKIA TRAVEL<\/a> together with several regions of Slovakia. The fair is intended for both the professional and general public and represents an important platform for establishing new contacts, presenting trends in tourism and comparing the tourist offer of countries. The Caravan szalon, E-Bike Test &amp; Show and Budapest Boat Show events were held in parallel, which significantly expanded the range of visitors.<\/p>\n\n\n<div class=\"wp-block-image\">\n<figure class=\"aligncenter size-large\"><img loading=\"lazy\" decoding=\"async\" width=\"1024\" height=\"576\" src=\"https:\/\/www.regionsaris.sk\/wp-content\/uploads\/2026\/02\/budexpo-3-oocrrs-1024x576.jpeg\" alt=\"\" class=\"wp-image-3840\" srcset=\"https:\/\/www.regionsaris.sk\/wp-content\/uploads\/2026\/02\/budexpo-3-oocrrs-1024x576.jpeg 1024w, https:\/\/www.regionsaris.sk\/wp-content\/uploads\/2026\/02\/budexpo-3-oocrrs-300x169.jpeg 300w, https:\/\/www.regionsaris.sk\/wp-content\/uploads\/2026\/02\/budexpo-3-oocrrs-768x432.jpeg 768w, https:\/\/www.regionsaris.sk\/wp-content\/uploads\/2026\/02\/budexpo-3-oocrrs-1536x864.jpeg 1536w, https:\/\/www.regionsaris.sk\/wp-content\/uploads\/2026\/02\/budexpo-3-oocrrs-18x10.jpeg 18w, https:\/\/www.regionsaris.sk\/wp-content\/uploads\/2026\/02\/budexpo-3-oocrrs.jpeg 2048w\" sizes=\"auto, (max-width: 1024px) 100vw, 1024px\" \/><\/figure>\n<\/div>\n\n\n<p><\/p>\n\n\n\n<h2 class=\"wp-block-heading\" id=\"h-priebeh-a-atmosfera\">Course and atmosphere<\/h2>\n\n\n\n<p class=\"has-text-align-left\">The first day (19.2.) was marked by the official opening and a press conference attended by about 40 journalists. From the very beginning there was a great interest of the media and the professional public in Slovakia. During the weekend, the nature of the visitors changed - the exhibition centre was filled mainly with families with children looking for specific holiday tips.<\/p>\n\n\n\n<p>The atmosphere of the Slovak stand was very lively and authentic. Visitors were attracted by:<br><strong>- tastings of Slovak wines, cheeses and beer,<br>- traditional gastronomic specialities,<br>- gingerbread decorating by gingerbread makers,<br>- presentation of rafting and playing the fujara<\/strong><br>Just <strong>folklore<\/strong> a <strong>gastronomy<\/strong> often attracted people to the booth and subsequently became interested in specific destinations.<\/p>\n\n\n<div class=\"wp-block-image\">\n<figure class=\"aligncenter size-large\"><img loading=\"lazy\" decoding=\"async\" width=\"768\" height=\"1024\" src=\"https:\/\/www.regionsaris.sk\/wp-content\/uploads\/2026\/02\/budexpo-oocrrs-768x1024.jpeg\" alt=\"\" class=\"wp-image-3841\" srcset=\"https:\/\/www.regionsaris.sk\/wp-content\/uploads\/2026\/02\/budexpo-oocrrs-768x1024.jpeg 768w, https:\/\/www.regionsaris.sk\/wp-content\/uploads\/2026\/02\/budexpo-oocrrs-225x300.jpeg 225w, https:\/\/www.regionsaris.sk\/wp-content\/uploads\/2026\/02\/budexpo-oocrrs-1152x1536.jpeg 1152w, https:\/\/www.regionsaris.sk\/wp-content\/uploads\/2026\/02\/budexpo-oocrrs-9x12.jpeg 9w, https:\/\/www.regionsaris.sk\/wp-content\/uploads\/2026\/02\/budexpo-oocrrs.jpeg 1536w\" sizes=\"auto, (max-width: 768px) 100vw, 768px\" \/><\/figure>\n<\/div>\n\n\n<p><\/p>\n\n\n\n<h2 class=\"wp-block-heading\" id=\"h-zlozenie-navstevnikov\">Composition of visitors<\/h2>\n\n\n\n<p class=\"has-text-align-left\" id=\"h-zlozenie-navstevnikovnajvacsiu-skupinu-tvorili-madari-ktori-slovensko-vnimaju-ako-blizku-a-dostupnu-dovolenkovu-destinaciu-zaujimavostou-bol-pomerne-vysoky-pocet-slovakov-zijucich-na-juhu-slovenska-ktori-si-prichadzali-po-nove-tipy-na-vylety-vo-vlastnej-krajine-na-stanku-sme-sa-stretli-aj-s-navstevnikmi-z-usa-americanmi-cestujucimi-po-europe-turistami-zo-skandinavskych-krajin-najma-z-danska-madarskymi-studentmi-mensim-poctom-navstevnikov-z-dalsich-europskych-statov-zahranicni-navstevnici-casto-planovali-dlhsie-cesty-po-strednej-europe-a-slovensko-zaradovali-ako-menej-objavenu-autenticku-destinaciu\">The largest group was made up of Hungarians who perceive Slovakia as a close and accessible holiday destination. An interesting feature was the relatively high number of Slovaks living in the south of Slovakia, who were looking for new tips for trips in their own country.<\/p>\n\n\n\n<p>At the stand we also met: visitors from the USA (Americans travelling in Europe), tourists from Scandinavian countries - especially from Denmark, Hungarian students, a smaller number of visitors from other European countries.<\/p>\n\n\n\n<p>Foreign visitors often planned longer journeys around Central Europe and classified Slovakia as a less discovered, authentic destination.<\/p>\n\n\n<div class=\"wp-block-image\">\n<figure class=\"aligncenter size-large\"><img loading=\"lazy\" decoding=\"async\" width=\"1024\" height=\"576\" src=\"https:\/\/www.regionsaris.sk\/wp-content\/uploads\/2026\/02\/budexpo-2-oocrrs-1024x576.jpeg\" alt=\"\" class=\"wp-image-3842\" srcset=\"https:\/\/www.regionsaris.sk\/wp-content\/uploads\/2026\/02\/budexpo-2-oocrrs-1024x576.jpeg 1024w, https:\/\/www.regionsaris.sk\/wp-content\/uploads\/2026\/02\/budexpo-2-oocrrs-300x169.jpeg 300w, https:\/\/www.regionsaris.sk\/wp-content\/uploads\/2026\/02\/budexpo-2-oocrrs-768x432.jpeg 768w, https:\/\/www.regionsaris.sk\/wp-content\/uploads\/2026\/02\/budexpo-2-oocrrs-1536x864.jpeg 1536w, https:\/\/www.regionsaris.sk\/wp-content\/uploads\/2026\/02\/budexpo-2-oocrrs-18x10.jpeg 18w, https:\/\/www.regionsaris.sk\/wp-content\/uploads\/2026\/02\/budexpo-2-oocrrs.jpeg 2048w\" sizes=\"auto, (max-width: 1024px) 100vw, 1024px\" \/><\/figure>\n<\/div>\n\n\n<p><\/p>\n\n\n\n<h2 class=\"wp-block-heading\" id=\"h-o-co-bol-najvacsi-zaujem\">What was the biggest interest<\/h2>\n\n\n\n<p class=\"has-text-align-left\">The most frequent questions were directed to the specific offer of the \u0160ari\u0161 region. Visitors were most interested in: castles and historical monuments, cycling and active holiday options, accommodation options, the cities of Bardejov, Pre\u0161ov and the wider surroundings, spas and wellness stays, camping and caravanning (especially for Danes and visitors to the caravan fair).<\/p>\n\n\n\n<p class=\"has-text-align-left\">They reacted very positively to information about UNESCO sites, the quieter atmosphere of the region and the affordability compared to Alpine destinations.<\/p>\n\n\n<div class=\"wp-block-image\">\n<figure class=\"aligncenter size-large\"><img loading=\"lazy\" decoding=\"async\" width=\"768\" height=\"1024\" src=\"https:\/\/www.regionsaris.sk\/wp-content\/uploads\/2026\/02\/budexpo-1-oocrrs-768x1024.jpeg\" alt=\"\" class=\"wp-image-3843\" srcset=\"https:\/\/www.regionsaris.sk\/wp-content\/uploads\/2026\/02\/budexpo-1-oocrrs-768x1024.jpeg 768w, https:\/\/www.regionsaris.sk\/wp-content\/uploads\/2026\/02\/budexpo-1-oocrrs-225x300.jpeg 225w, https:\/\/www.regionsaris.sk\/wp-content\/uploads\/2026\/02\/budexpo-1-oocrrs-1152x1536.jpeg 1152w, https:\/\/www.regionsaris.sk\/wp-content\/uploads\/2026\/02\/budexpo-1-oocrrs-9x12.jpeg 9w, https:\/\/www.regionsaris.sk\/wp-content\/uploads\/2026\/02\/budexpo-1-oocrrs.jpeg 1536w\" sizes=\"auto, (max-width: 768px) 100vw, 768px\" \/><\/figure>\n<\/div>\n\n\n<p><\/p>\n\n\n\n<p class=\"has-text-align-left\">During the fair we managed to establish several new contacts with travel agencies, organizations, journalists and other Slovak regional organizations. We discussed the possibilities of media appearances, study trips and cooperation in promoting the region. It was also interesting to meet with American tourists planning a thematic tour of the historical cities of Central Europe, who expressed a particular interest in visiting Bardejov and Pre\u0161ov.<\/p>\n\n\n\n<p class=\"has-text-align-left\"><\/p>\n\n\n\n<p class=\"has-text-align-left\">The participation of OOCR Region \u0160ari\u0161 at the Utaz\u00e1s 2026 fair was very beneficial. The fair confirmed that Slovakia - and especially the east of the country - is still a less discovered but attractive destination for foreign visitors. We see the greatest potential in cultural heritage, active tourism, the spa industry and the authentic experience of smaller historical towns.<\/p>\n\n\n\n<p class=\"has-text-align-left\">The fair also brought new contacts, media opportunities and concrete interest of visitors in the \u0160ari\u0161 Region, which creates a good prerequisite for increasing the number of visitors in the coming tourist seasons.<\/p>\n\n\n\n<p class=\"has-text-align-left\">The project was implemented with the financial support of the Ministry of Tourism and Sport of the Slovak Republic.<\/p>\n\n\n<div class=\"wp-block-image\">\n<figure class=\"aligncenter size-full is-resized\"><img loading=\"lazy\" decoding=\"async\" width=\"400\" height=\"150\" src=\"https:\/\/www.regionsaris.sk\/wp-content\/uploads\/2026\/02\/loga-pata-clanok-1.jpg\" alt=\"\" class=\"wp-image-3541\" style=\"width:400px;height:auto\" srcset=\"https:\/\/www.regionsaris.sk\/wp-content\/uploads\/2026\/02\/loga-pata-clanok-1.jpg 400w, https:\/\/www.regionsaris.sk\/wp-content\/uploads\/2026\/02\/loga-pata-clanok-1-300x113.jpg 300w, https:\/\/www.regionsaris.sk\/wp-content\/uploads\/2026\/02\/loga-pata-clanok-1-18x7.jpg 18w\" sizes=\"auto, (max-width: 400px) 100vw, 400px\" \/><\/figure>\n<\/div>\n\n\n<p>Source: Tourist Information Centre Regi\u00f3n \u0160ari\u0161<br>Photo source: the Tourist Information Centre of the \u0160ari\u0161 Region<\/p>","protected":false},"excerpt":{"rendered":"<p>From 18 to 22 February 2026, OOCR Region \u0160ari\u0161 participated in the largest travel trade fair...<\/p>","protected":false},"author":3,"featured_media":3843,"comment_status":"closed","ping_status":"closed","sticky":false,"template":"","format":"standard","meta":{"_acf_changed":false,"footnotes":""},"categories":[207],"tags":[],"class_list":["post-3839","post","type-post","status-publish","format-standard","has-post-thumbnail","hentry","category-projekty"],"acf":[],"yoast_head":"<!-- This site is optimized with the Yoast SEO Premium plugin v26.3 (Yoast SEO v26.8) - https:\/\/yoast.com\/product\/yoast-seo-premium-wordpress\/ -->\n<title>OOCR Regi\u00f3n \u0160ari\u0161 na ve\u013etrhu Utaz\u00e1s 2026 v Budape\u0161ti - OOCR \u0160ari\u0161<\/title>\n<meta name=\"description\" content=\"OOCR Regi\u00f3n \u0160ari\u0161 sa v d\u0148och 19. - 22. febru\u00e1ra nach\u00e1dzala v Budape\u0161ti, kde na ve\u013etrhu Utaz\u00e1s prezentovala to najlep\u0161ie z regi\u00f3nu.\" \/>\n<meta name=\"robots\" content=\"index, follow, max-snippet:-1, max-image-preview:large, max-video-preview:-1\" \/>\n<link rel=\"canonical\" href=\"https:\/\/www.regionsaris.sk\/en\/oocr-region-saris-na-veltrhu-utazas-2026-v-budapesti\/\" \/>\n<meta property=\"og:locale\" content=\"en_GB\" \/>\n<meta property=\"og:type\" content=\"article\" \/>\n<meta property=\"og:title\" content=\"OOCR Regi\u00f3n \u0160ari\u0161 na ve\u013etrhu Utaz\u00e1s 2026 v Budape\u0161ti\" \/>\n<meta property=\"og:description\" content=\"OOCR Regi\u00f3n \u0160ari\u0161 sa v d\u0148och 19. - 22. febru\u00e1ra nach\u00e1dzala v Budape\u0161ti, kde na ve\u013etrhu Utaz\u00e1s prezentovala to najlep\u0161ie z regi\u00f3nu.\" \/>\n<meta property=\"og:url\" content=\"https:\/\/www.regionsaris.sk\/en\/oocr-region-saris-na-veltrhu-utazas-2026-v-budapesti\/\" \/>\n<meta property=\"og:site_name\" content=\"OOCR \u0160ari\u0161\" \/>\n<meta property=\"article:published_time\" content=\"2026-02-24T13:18:46+00:00\" \/>\n<meta property=\"article:modified_time\" content=\"2026-03-27T13:59:06+00:00\" \/>\n<meta property=\"og:image\" content=\"https:\/\/www.regionsaris.sk\/wp-content\/uploads\/2026\/02\/budexpo-1-oocrrs.jpeg\" \/>\n\t<meta property=\"og:image:width\" content=\"1536\" \/>\n\t<meta property=\"og:image:height\" content=\"2048\" \/>\n\t<meta property=\"og:image:type\" content=\"image\/jpeg\" \/>\n<meta name=\"author\" content=\"marketing\" \/>\n<meta name=\"twitter:card\" content=\"summary_large_image\" \/>\n<meta name=\"twitter:label1\" content=\"Written by\" \/>\n\t<meta name=\"twitter:data1\" content=\"marketing\" \/>\n\t<meta name=\"twitter:label2\" content=\"Estimated reading time\" \/>\n\t<meta name=\"twitter:data2\" content=\"4 minutes\" \/>\n<script type=\"application\/ld+json\" class=\"yoast-schema-graph\">{\"@context\":\"https:\/\/schema.org\",\"@graph\":[{\"@type\":\"Article\",\"@id\":\"https:\/\/www.regionsaris.sk\/oocr-region-saris-na-veltrhu-utazas-2026-v-budapesti\/#article\",\"isPartOf\":{\"@id\":\"https:\/\/www.regionsaris.sk\/oocr-region-saris-na-veltrhu-utazas-2026-v-budapesti\/\"},\"author\":{\"name\":\"marketing\",\"@id\":\"https:\/\/www.regionsaris.sk\/#\/schema\/person\/ec8d3b7d0a3a7dad307f10116198d0b5\"},\"headline\":\"OOCR Regi\u00f3n \u0160ari\u0161 na ve\u013etrhu Utaz\u00e1s 2026 v Budape\u0161ti\",\"datePublished\":\"2026-02-24T13:18:46+00:00\",\"dateModified\":\"2026-03-27T13:59:06+00:00\",\"mainEntityOfPage\":{\"@id\":\"https:\/\/www.regionsaris.sk\/oocr-region-saris-na-veltrhu-utazas-2026-v-budapesti\/\"},\"wordCount\":727,\"image\":{\"@id\":\"https:\/\/www.regionsaris.sk\/oocr-region-saris-na-veltrhu-utazas-2026-v-budapesti\/#primaryimage\"},\"thumbnailUrl\":\"https:\/\/www.regionsaris.sk\/wp-content\/uploads\/2026\/02\/budexpo-1-oocrrs.jpeg\",\"articleSection\":[\"Projekty\"],\"inLanguage\":\"en-GB\"},{\"@type\":\"WebPage\",\"@id\":\"https:\/\/www.regionsaris.sk\/oocr-region-saris-na-veltrhu-utazas-2026-v-budapesti\/\",\"url\":\"https:\/\/www.regionsaris.sk\/oocr-region-saris-na-veltrhu-utazas-2026-v-budapesti\/\",\"name\":\"OOCR Regi\u00f3n \u0160ari\u0161 na ve\u013etrhu Utaz\u00e1s 2026 v Budape\u0161ti - OOCR \u0160ari\u0161\",\"isPartOf\":{\"@id\":\"https:\/\/www.regionsaris.sk\/#website\"},\"primaryImageOfPage\":{\"@id\":\"https:\/\/www.regionsaris.sk\/oocr-region-saris-na-veltrhu-utazas-2026-v-budapesti\/#primaryimage\"},\"image\":{\"@id\":\"https:\/\/www.regionsaris.sk\/oocr-region-saris-na-veltrhu-utazas-2026-v-budapesti\/#primaryimage\"},\"thumbnailUrl\":\"https:\/\/www.regionsaris.sk\/wp-content\/uploads\/2026\/02\/budexpo-1-oocrrs.jpeg\",\"datePublished\":\"2026-02-24T13:18:46+00:00\",\"dateModified\":\"2026-03-27T13:59:06+00:00\",\"author\":{\"@id\":\"https:\/\/www.regionsaris.sk\/#\/schema\/person\/ec8d3b7d0a3a7dad307f10116198d0b5\"},\"description\":\"OOCR Regi\u00f3n \u0160ari\u0161 sa v d\u0148och 19. - 22. febru\u00e1ra nach\u00e1dzala v Budape\u0161ti, kde na ve\u013etrhu Utaz\u00e1s prezentovala to najlep\u0161ie z regi\u00f3nu.\",\"breadcrumb\":{\"@id\":\"https:\/\/www.regionsaris.sk\/oocr-region-saris-na-veltrhu-utazas-2026-v-budapesti\/#breadcrumb\"},\"inLanguage\":\"en-GB\",\"potentialAction\":[{\"@type\":\"ReadAction\",\"target\":[\"https:\/\/www.regionsaris.sk\/oocr-region-saris-na-veltrhu-utazas-2026-v-budapesti\/\"]}]},{\"@type\":\"ImageObject\",\"inLanguage\":\"en-GB\",\"@id\":\"https:\/\/www.regionsaris.sk\/oocr-region-saris-na-veltrhu-utazas-2026-v-budapesti\/#primaryimage\",\"url\":\"https:\/\/www.regionsaris.sk\/wp-content\/uploads\/2026\/02\/budexpo-1-oocrrs.jpeg\",\"contentUrl\":\"https:\/\/www.regionsaris.sk\/wp-content\/uploads\/2026\/02\/budexpo-1-oocrrs.jpeg\",\"width\":1536,\"height\":2048},{\"@type\":\"BreadcrumbList\",\"@id\":\"https:\/\/www.regionsaris.sk\/oocr-region-saris-na-veltrhu-utazas-2026-v-budapesti\/#breadcrumb\",\"itemListElement\":[{\"@type\":\"ListItem\",\"position\":1,\"name\":\"Domov\",\"item\":\"https:\/\/www.regionsaris.sk\/\"},{\"@type\":\"ListItem\",\"position\":2,\"name\":\"OOCR Regi\u00f3n \u0160ari\u0161 na ve\u013etrhu Utaz\u00e1s 2026 v Budape\u0161ti\"}]},{\"@type\":\"WebSite\",\"@id\":\"https:\/\/www.regionsaris.sk\/#website\",\"url\":\"https:\/\/www.regionsaris.sk\/\",\"name\":\"OOCR \u0160ari\u0161\",\"description\":\"\",\"potentialAction\":[{\"@type\":\"SearchAction\",\"target\":{\"@type\":\"EntryPoint\",\"urlTemplate\":\"https:\/\/www.regionsaris.sk\/?s={search_term_string}\"},\"query-input\":{\"@type\":\"PropertyValueSpecification\",\"valueRequired\":true,\"valueName\":\"search_term_string\"}}],\"inLanguage\":\"en-GB\"},{\"@type\":\"Person\",\"@id\":\"https:\/\/www.regionsaris.sk\/#\/schema\/person\/ec8d3b7d0a3a7dad307f10116198d0b5\",\"name\":\"marketing\",\"image\":{\"@type\":\"ImageObject\",\"inLanguage\":\"en-GB\",\"@id\":\"https:\/\/www.regionsaris.sk\/#\/schema\/person\/image\/\",\"url\":\"https:\/\/secure.gravatar.com\/avatar\/d86c85c214091923000a199276e541a97ba20b5109e7b00260a23abc26f5b6c1?s=96&d=mm&r=g\",\"contentUrl\":\"https:\/\/secure.gravatar.com\/avatar\/d86c85c214091923000a199276e541a97ba20b5109e7b00260a23abc26f5b6c1?s=96&d=mm&r=g\",\"caption\":\"marketing\"},\"url\":\"https:\/\/www.regionsaris.sk\/en\/author\/marketing\/\"}]}<\/script>\n<!-- \/ Yoast SEO Premium plugin. -->","yoast_head_json":{"title":"OOCR Regi\u00f3n \u0160ari\u0161 na ve\u013etrhu Utaz\u00e1s 2026 v Budape\u0161ti - OOCR \u0160ari\u0161","description":"OOCR Regi\u00f3n \u0160ari\u0161 sa v d\u0148och 19. - 22. febru\u00e1ra nach\u00e1dzala v Budape\u0161ti, kde na ve\u013etrhu Utaz\u00e1s prezentovala to najlep\u0161ie z regi\u00f3nu.","robots":{"index":"index","follow":"follow","max-snippet":"max-snippet:-1","max-image-preview":"max-image-preview:large","max-video-preview":"max-video-preview:-1"},"canonical":"https:\/\/www.regionsaris.sk\/en\/oocr-region-saris-na-veltrhu-utazas-2026-v-budapesti\/","og_locale":"en_GB","og_type":"article","og_title":"OOCR Regi\u00f3n \u0160ari\u0161 na ve\u013etrhu Utaz\u00e1s 2026 v Budape\u0161ti","og_description":"OOCR Regi\u00f3n \u0160ari\u0161 sa v d\u0148och 19. - 22. febru\u00e1ra nach\u00e1dzala v Budape\u0161ti, kde na ve\u013etrhu Utaz\u00e1s prezentovala to najlep\u0161ie z regi\u00f3nu.","og_url":"https:\/\/www.regionsaris.sk\/en\/oocr-region-saris-na-veltrhu-utazas-2026-v-budapesti\/","og_site_name":"OOCR \u0160ari\u0161","article_published_time":"2026-02-24T13:18:46+00:00","article_modified_time":"2026-03-27T13:59:06+00:00","og_image":[{"width":1536,"height":2048,"url":"https:\/\/www.regionsaris.sk\/wp-content\/uploads\/2026\/02\/budexpo-1-oocrrs.jpeg","type":"image\/jpeg"}],"author":"marketing","twitter_card":"summary_large_image","twitter_misc":{"Written by":"marketing","Estimated reading time":"4 minutes"},"schema":{"@context":"https:\/\/schema.org","@graph":[{"@type":"Article","@id":"https:\/\/www.regionsaris.sk\/oocr-region-saris-na-veltrhu-utazas-2026-v-budapesti\/#article","isPartOf":{"@id":"https:\/\/www.regionsaris.sk\/oocr-region-saris-na-veltrhu-utazas-2026-v-budapesti\/"},"author":{"name":"marketing","@id":"https:\/\/www.regionsaris.sk\/#\/schema\/person\/ec8d3b7d0a3a7dad307f10116198d0b5"},"headline":"OOCR Regi\u00f3n \u0160ari\u0161 na ve\u013etrhu Utaz\u00e1s 2026 v Budape\u0161ti","datePublished":"2026-02-24T13:18:46+00:00","dateModified":"2026-03-27T13:59:06+00:00","mainEntityOfPage":{"@id":"https:\/\/www.regionsaris.sk\/oocr-region-saris-na-veltrhu-utazas-2026-v-budapesti\/"},"wordCount":727,"image":{"@id":"https:\/\/www.regionsaris.sk\/oocr-region-saris-na-veltrhu-utazas-2026-v-budapesti\/#primaryimage"},"thumbnailUrl":"https:\/\/www.regionsaris.sk\/wp-content\/uploads\/2026\/02\/budexpo-1-oocrrs.jpeg","articleSection":["Projekty"],"inLanguage":"en-GB"},{"@type":"WebPage","@id":"https:\/\/www.regionsaris.sk\/oocr-region-saris-na-veltrhu-utazas-2026-v-budapesti\/","url":"https:\/\/www.regionsaris.sk\/oocr-region-saris-na-veltrhu-utazas-2026-v-budapesti\/","name":"OOCR Regi\u00f3n \u0160ari\u0161 na ve\u013etrhu Utaz\u00e1s 2026 v Budape\u0161ti - OOCR \u0160ari\u0161","isPartOf":{"@id":"https:\/\/www.regionsaris.sk\/#website"},"primaryImageOfPage":{"@id":"https:\/\/www.regionsaris.sk\/oocr-region-saris-na-veltrhu-utazas-2026-v-budapesti\/#primaryimage"},"image":{"@id":"https:\/\/www.regionsaris.sk\/oocr-region-saris-na-veltrhu-utazas-2026-v-budapesti\/#primaryimage"},"thumbnailUrl":"https:\/\/www.regionsaris.sk\/wp-content\/uploads\/2026\/02\/budexpo-1-oocrrs.jpeg","datePublished":"2026-02-24T13:18:46+00:00","dateModified":"2026-03-27T13:59:06+00:00","author":{"@id":"https:\/\/www.regionsaris.sk\/#\/schema\/person\/ec8d3b7d0a3a7dad307f10116198d0b5"},"description":"OOCR Regi\u00f3n \u0160ari\u0161 sa v d\u0148och 19. - 22. febru\u00e1ra nach\u00e1dzala v Budape\u0161ti, kde na ve\u013etrhu Utaz\u00e1s prezentovala to najlep\u0161ie z regi\u00f3nu.","breadcrumb":{"@id":"https:\/\/www.regionsaris.sk\/oocr-region-saris-na-veltrhu-utazas-2026-v-budapesti\/#breadcrumb"},"inLanguage":"en-GB","potentialAction":[{"@type":"ReadAction","target":["https:\/\/www.regionsaris.sk\/oocr-region-saris-na-veltrhu-utazas-2026-v-budapesti\/"]}]},{"@type":"ImageObject","inLanguage":"en-GB","@id":"https:\/\/www.regionsaris.sk\/oocr-region-saris-na-veltrhu-utazas-2026-v-budapesti\/#primaryimage","url":"https:\/\/www.regionsaris.sk\/wp-content\/uploads\/2026\/02\/budexpo-1-oocrrs.jpeg","contentUrl":"https:\/\/www.regionsaris.sk\/wp-content\/uploads\/2026\/02\/budexpo-1-oocrrs.jpeg","width":1536,"height":2048},{"@type":"BreadcrumbList","@id":"https:\/\/www.regionsaris.sk\/oocr-region-saris-na-veltrhu-utazas-2026-v-budapesti\/#breadcrumb","itemListElement":[{"@type":"ListItem","position":1,"name":"Domov","item":"https:\/\/www.regionsaris.sk\/"},{"@type":"ListItem","position":2,"name":"OOCR Regi\u00f3n \u0160ari\u0161 na ve\u013etrhu Utaz\u00e1s 2026 v Budape\u0161ti"}]},{"@type":"WebSite","@id":"https:\/\/www.regionsaris.sk\/#website","url":"https:\/\/www.regionsaris.sk\/","name":"OOCR \u0160ari\u0161","description":"","potentialAction":[{"@type":"SearchAction","target":{"@type":"EntryPoint","urlTemplate":"https:\/\/www.regionsaris.sk\/?s={search_term_string}"},"query-input":{"@type":"PropertyValueSpecification","valueRequired":true,"valueName":"search_term_string"}}],"inLanguage":"en-GB"},{"@type":"Person","@id":"https:\/\/www.regionsaris.sk\/#\/schema\/person\/ec8d3b7d0a3a7dad307f10116198d0b5","name":"marketing","image":{"@type":"ImageObject","inLanguage":"en-GB","@id":"https:\/\/www.regionsaris.sk\/#\/schema\/person\/image\/","url":"https:\/\/secure.gravatar.com\/avatar\/d86c85c214091923000a199276e541a97ba20b5109e7b00260a23abc26f5b6c1?s=96&d=mm&r=g","contentUrl":"https:\/\/secure.gravatar.com\/avatar\/d86c85c214091923000a199276e541a97ba20b5109e7b00260a23abc26f5b6c1?s=96&d=mm&r=g","caption":"marketing"},"url":"https:\/\/www.regionsaris.sk\/en\/author\/marketing\/"}]}},"_links":{"self":[{"href":"https:\/\/www.regionsaris.sk\/en\/wp-json\/wp\/v2\/posts\/3839","targetHints":{"allow":["GET"]}}],"collection":[{"href":"https:\/\/www.regionsaris.sk\/en\/wp-json\/wp\/v2\/posts"}],"about":[{"href":"https:\/\/www.regionsaris.sk\/en\/wp-json\/wp\/v2\/types\/post"}],"author":[{"embeddable":true,"href":"https:\/\/www.regionsaris.sk\/en\/wp-json\/wp\/v2\/users\/3"}],"replies":[{"embeddable":true,"href":"https:\/\/www.regionsaris.sk\/en\/wp-json\/wp\/v2\/comments?post=3839"}],"version-history":[{"count":8,"href":"https:\/\/www.regionsaris.sk\/en\/wp-json\/wp\/v2\/posts\/3839\/revisions"}],"predecessor-version":[{"id":3851,"href":"https:\/\/www.regionsaris.sk\/en\/wp-json\/wp\/v2\/posts\/3839\/revisions\/3851"}],"wp:featuredmedia":[{"embeddable":true,"href":"https:\/\/www.regionsaris.sk\/en\/wp-json\/wp\/v2\/media\/3843"}],"wp:attachment":[{"href":"https:\/\/www.regionsaris.sk\/en\/wp-json\/wp\/v2\/media?parent=3839"}],"wp:term":[{"taxonomy":"category","embeddable":true,"href":"https:\/\/www.regionsaris.sk\/en\/wp-json\/wp\/v2\/categories?post=3839"},{"taxonomy":"post_tag","embeddable":true,"href":"https:\/\/www.regionsaris.sk\/en\/wp-json\/wp\/v2\/tags?post=3839"}],"curies":[{"name":"wp","href":"https:\/\/api.w.org\/{rel}","templated":true}]}}