{"id":3636,"date":"2026-02-22T09:15:41","date_gmt":"2026-02-22T08:15:41","guid":{"rendered":"https:\/\/www.regionsaris.sk\/?p=3636"},"modified":"2026-02-24T14:21:02","modified_gmt":"2026-02-24T13:21:02","slug":"presovska-hudobna-jar-2026-alebo-ked-sa-mesto-rozoznie-tonmi-jari-uz-po-65-krat","status":"publish","type":"post","link":"https:\/\/www.regionsaris.sk\/en\/presovska-hudobna-jar-2026-alebo-ked-sa-mesto-rozoznie-tonmi-jari-uz-po-65-krat\/","title":{"rendered":"Pre\u0161ov Musical Spring 2026 or when the city will ring with the sounds of spring for the 65th time"},"content":{"rendered":"<p>Spring in the city&nbsp;<a href=\"https:\/\/www.presov.sk\">Pre\u0161ov<\/a>&nbsp;has its unmistakable form. Apart from the first sunny days and blossoming trees, it also brings music that fills the historic spaces with emotion and an exceptional atmosphere.<br><strong>Pre\u0161ov Music Spring<\/strong>&nbsp;is one of the oldest and most important music festivals in Slovakia and in 2026 it will write its 65th chapter.<\/p>\n\n\n<div class=\"wp-block-image\">\n<figure class=\"aligncenter size-large is-resized\"><img loading=\"lazy\" decoding=\"async\" width=\"819\" height=\"1024\" src=\"https:\/\/www.regionsaris.sk\/wp-content\/uploads\/2026\/02\/presovska-hudobna-jar-819x1024.jpg\" alt=\"\" class=\"wp-image-3624\" style=\"width:653px;height:auto\" srcset=\"https:\/\/www.regionsaris.sk\/wp-content\/uploads\/2026\/02\/presovska-hudobna-jar-819x1024.jpg 819w, https:\/\/www.regionsaris.sk\/wp-content\/uploads\/2026\/02\/presovska-hudobna-jar-240x300.jpg 240w, https:\/\/www.regionsaris.sk\/wp-content\/uploads\/2026\/02\/presovska-hudobna-jar-768x960.jpg 768w, https:\/\/www.regionsaris.sk\/wp-content\/uploads\/2026\/02\/presovska-hudobna-jar-10x12.jpg 10w, https:\/\/www.regionsaris.sk\/wp-content\/uploads\/2026\/02\/presovska-hudobna-jar.jpg 1080w\" sizes=\"auto, (max-width: 819px) 100vw, 819px\" \/><\/figure>\n<\/div>\n\n\n<p><\/p>\n\n\n\n<p>The festival will take place during March and April in the concert hall of PKO \u010cierny orol and will offer a varied programme. It combines classical music, choral singing, chamber projects and jazz overlaps. Each concert is a separate artistic story, but together they create a coherent mosaic of musical moods - from intimate chamber moments to powerful orchestral climaxes.<\/p>\n\n\n\n<p>The opening ceremony of the festival will include <strong>Musical tribute to Eva Zacharova<\/strong>j, an outstanding personality of Slovak choral art. The emotional evening will feature performances by the women's choir Vocals and the mixed choir Nostro Canto, which will pay tribute to her pedagogical and artistic legacy.<\/p>\n\n\n\n<p>The programme continues with the project&nbsp;<strong>Pictures from Slovakia<\/strong>, where classical music meets folk inspiration. Audiences can look forward to the combination of the Spectrum Quartett, the band Nogaband and the vocal group Ulijanka, with works by composers such as B\u00e9la Bart\u00f3k, Leo\u0161 Jan\u00e1\u010dek and Eugen Sucho\u0148.<\/p>\n\n\n\n<figure class=\"wp-block-gallery has-nested-images columns-default is-cropped wp-block-gallery-1 is-layout-flex wp-block-gallery-is-layout-flex\">\n<figure class=\"wp-block-image size-large\"><a href=\"https:\/\/podujatia.pkopresov.sk\/event-detail\/698860c9e13621800a450efa\/?lang=sk_SK\"><img loading=\"lazy\" decoding=\"async\" width=\"800\" height=\"800\" data-id=\"3626\" src=\"https:\/\/www.regionsaris.sk\/wp-content\/uploads\/2026\/02\/hudobna-pocta-eve-zachraovej-phj.webp\" alt=\"\" class=\"wp-image-3626\" srcset=\"https:\/\/www.regionsaris.sk\/wp-content\/uploads\/2026\/02\/hudobna-pocta-eve-zachraovej-phj.webp 800w, https:\/\/www.regionsaris.sk\/wp-content\/uploads\/2026\/02\/hudobna-pocta-eve-zachraovej-phj-300x300.webp 300w, https:\/\/www.regionsaris.sk\/wp-content\/uploads\/2026\/02\/hudobna-pocta-eve-zachraovej-phj-150x150.webp 150w, https:\/\/www.regionsaris.sk\/wp-content\/uploads\/2026\/02\/hudobna-pocta-eve-zachraovej-phj-768x768.webp 768w, https:\/\/www.regionsaris.sk\/wp-content\/uploads\/2026\/02\/hudobna-pocta-eve-zachraovej-phj-12x12.webp 12w\" sizes=\"auto, (max-width: 800px) 100vw, 800px\" \/><\/a><\/figure>\n\n\n\n<figure class=\"wp-block-image size-large\"><a href=\"https:\/\/podujatia.pkopresov.sk\/event-detail\/69886e90384301c060ae8cd2\/?lang=sk_SK\"><img loading=\"lazy\" decoding=\"async\" width=\"800\" height=\"800\" data-id=\"3628\" src=\"https:\/\/www.regionsaris.sk\/wp-content\/uploads\/2026\/02\/presovska-hudobna-jar-obrazky.webp\" alt=\"\" class=\"wp-image-3628\" srcset=\"https:\/\/www.regionsaris.sk\/wp-content\/uploads\/2026\/02\/presovska-hudobna-jar-obrazky.webp 800w, https:\/\/www.regionsaris.sk\/wp-content\/uploads\/2026\/02\/presovska-hudobna-jar-obrazky-300x300.webp 300w, https:\/\/www.regionsaris.sk\/wp-content\/uploads\/2026\/02\/presovska-hudobna-jar-obrazky-150x150.webp 150w, https:\/\/www.regionsaris.sk\/wp-content\/uploads\/2026\/02\/presovska-hudobna-jar-obrazky-768x768.webp 768w, https:\/\/www.regionsaris.sk\/wp-content\/uploads\/2026\/02\/presovska-hudobna-jar-obrazky-12x12.webp 12w\" sizes=\"auto, (max-width: 800px) 100vw, 800px\" \/><\/a><\/figure>\n<\/figure>\n\n\n\n<p><\/p>\n\n\n\n<p>The festival will also offer a jazz evening performed by <strong>AMC Trio<\/strong> and renowned guitarist <strong>Ulf Wakenius<\/strong> - a musical dialogue full of improvisation, virtuosity and sensitive moments. The chamber line of the festival will be strengthened by a concert of the composer <strong>\u013dubica \u010cekovsk\u00e1 and Slovak Quartet<\/strong>, which will bring contemporary works in a precise interpretation.<\/p>\n\n\n\n<p>The final concert will belong to <strong>Slovak Chamber Orchestra<\/strong> under the direction of Ewald Danel. An elegant combination of interpretive confidence and musical energy will symbolically close the festival.<\/p>\n\n\n\n<figure class=\"wp-block-gallery has-nested-images columns-default is-cropped wp-block-gallery-2 is-layout-flex wp-block-gallery-is-layout-flex\">\n<figure class=\"wp-block-image size-large\"><a href=\"https:\/\/podujatia.pkopresov.sk\/event-detail\/69887028384301c060b1a8a1\/?lang=sk_SK\"><img loading=\"lazy\" decoding=\"async\" width=\"800\" height=\"800\" data-id=\"3631\" src=\"https:\/\/www.regionsaris.sk\/wp-content\/uploads\/2026\/02\/amc-trio-presovska-hudobna-jar.webp\" alt=\"\" class=\"wp-image-3631\" srcset=\"https:\/\/www.regionsaris.sk\/wp-content\/uploads\/2026\/02\/amc-trio-presovska-hudobna-jar.webp 800w, https:\/\/www.regionsaris.sk\/wp-content\/uploads\/2026\/02\/amc-trio-presovska-hudobna-jar-300x300.webp 300w, https:\/\/www.regionsaris.sk\/wp-content\/uploads\/2026\/02\/amc-trio-presovska-hudobna-jar-150x150.webp 150w, https:\/\/www.regionsaris.sk\/wp-content\/uploads\/2026\/02\/amc-trio-presovska-hudobna-jar-768x768.webp 768w, https:\/\/www.regionsaris.sk\/wp-content\/uploads\/2026\/02\/amc-trio-presovska-hudobna-jar-12x12.webp 12w\" sizes=\"auto, (max-width: 800px) 100vw, 800px\" \/><\/a><\/figure>\n\n\n\n<figure class=\"wp-block-image size-large\"><a href=\"https:\/\/podujatia.pkopresov.sk\/event-detail\/6985eeaa367e23d60e253f91\/?lang=sk_SK\"><img loading=\"lazy\" decoding=\"async\" width=\"800\" height=\"800\" data-id=\"3633\" src=\"https:\/\/www.regionsaris.sk\/wp-content\/uploads\/2026\/02\/lubica-cekovska-presovska-hudobna-jar.webp\" alt=\"\" class=\"wp-image-3633\" srcset=\"https:\/\/www.regionsaris.sk\/wp-content\/uploads\/2026\/02\/lubica-cekovska-presovska-hudobna-jar.webp 800w, https:\/\/www.regionsaris.sk\/wp-content\/uploads\/2026\/02\/lubica-cekovska-presovska-hudobna-jar-300x300.webp 300w, https:\/\/www.regionsaris.sk\/wp-content\/uploads\/2026\/02\/lubica-cekovska-presovska-hudobna-jar-150x150.webp 150w, https:\/\/www.regionsaris.sk\/wp-content\/uploads\/2026\/02\/lubica-cekovska-presovska-hudobna-jar-768x768.webp 768w, https:\/\/www.regionsaris.sk\/wp-content\/uploads\/2026\/02\/lubica-cekovska-presovska-hudobna-jar-12x12.webp 12w\" sizes=\"auto, (max-width: 800px) 100vw, 800px\" \/><\/a><\/figure>\n\n\n\n<figure class=\"wp-block-image size-large\"><a href=\"https:\/\/podujatia.pkopresov.sk\/event-detail\/698871b3384301c060b57229\/?lang=sk_SK\"><img loading=\"lazy\" decoding=\"async\" width=\"800\" height=\"800\" data-id=\"3635\" src=\"https:\/\/www.regionsaris.sk\/wp-content\/uploads\/2026\/02\/slovensky-komorny-orchester.webp\" alt=\"\" class=\"wp-image-3635\" srcset=\"https:\/\/www.regionsaris.sk\/wp-content\/uploads\/2026\/02\/slovensky-komorny-orchester.webp 800w, https:\/\/www.regionsaris.sk\/wp-content\/uploads\/2026\/02\/slovensky-komorny-orchester-300x300.webp 300w, https:\/\/www.regionsaris.sk\/wp-content\/uploads\/2026\/02\/slovensky-komorny-orchester-150x150.webp 150w, https:\/\/www.regionsaris.sk\/wp-content\/uploads\/2026\/02\/slovensky-komorny-orchester-768x768.webp 768w, https:\/\/www.regionsaris.sk\/wp-content\/uploads\/2026\/02\/slovensky-komorny-orchester-12x12.webp 12w\" sizes=\"auto, (max-width: 800px) 100vw, 800px\" \/><\/a><\/figure>\n<\/figure>\n\n\n\n<p><\/p>\n\n\n\n<p><strong>Pre\u0161ov Music Spring<\/strong> is more than a series of concerts. It is a tradition that has been cultivating the city's musical environment for decades and bringing listeners encounters with art at a high level. Each year confirms that music has the power to unite generations and create moments that will never be forgotten.<\/p>\n\n\n\n<p><em>Come and listen to the tones that fill Pre\u0161ov with an exceptional atmosphere every spring and become part of a tradition that combines music, emotion and shared experience.<\/em><\/p>\n\n\n\n<p>The programme and pre-sale tickets are available via <a href=\"https:\/\/www.pkopresov.sk\">PKO Pre\u0161ov<\/a>.<\/p>\n\n\n\n<p>Source: the Regional Tourism Organisation Regi\u00f3n \u0160ari\u0161<br>Photo source: the PKO Pre\u0161ov, the Regional Tourism Organisation Regi\u00f3n \u0160ari\u0161<\/p>","protected":false},"excerpt":{"rendered":"<p>Jar v meste&nbsp;Pre\u0161ov&nbsp;m\u00e1 svoju nezamenite\u013en\u00fa podobu. Okrem prv\u00fdch slne\u010dn\u00fdch dn\u00ed a rozkvitnut\u00fdch stromov prin\u00e1\u0161a aj...<\/p>","protected":false},"author":3,"featured_media":3637,"comment_status":"closed","ping_status":"closed","sticky":false,"template":"","format":"standard","meta":{"_acf_changed":false,"footnotes":""},"categories":[1],"tags":[],"class_list":["post-3636","post","type-post","status-publish","format-standard","has-post-thumbnail","hentry","category-novinky"],"acf":[],"yoast_head":"<!-- This site is optimized with the Yoast SEO Premium plugin v26.3 (Yoast SEO v26.8) - https:\/\/yoast.com\/product\/yoast-seo-premium-wordpress\/ -->\n<title>Pre\u0161ovsk\u00e1 hudobn\u00e1 jar 2026 alebo ke\u010f sa mesto rozoznie t\u00f3nmi jari u\u017e po 65. kr\u00e1t - OOCR \u0160ari\u0161<\/title>\n<meta name=\"description\" content=\"Tradi\u010dn\u00fd festival: Pre\u0161ovsk\u00e1 hudobn\u00e1 jar op\u00e4\u0165 zav\u00edta do Pre\u0161ova. Te\u0161i\u0165 sa m\u00f4\u017eeme na bohat\u00fd program, ktor\u00fd bude trva\u0165 od marca a\u017e do apr\u00edla.\" \/>\n<meta name=\"robots\" content=\"index, follow, max-snippet:-1, max-image-preview:large, max-video-preview:-1\" \/>\n<link rel=\"canonical\" href=\"https:\/\/www.regionsaris.sk\/en\/presovska-hudobna-jar-2026-alebo-ked-sa-mesto-rozoznie-tonmi-jari-uz-po-65-krat\/\" \/>\n<meta property=\"og:locale\" content=\"en_GB\" \/>\n<meta property=\"og:type\" content=\"article\" \/>\n<meta property=\"og:title\" content=\"Pre\u0161ovsk\u00e1 hudobn\u00e1 jar 2026 alebo ke\u010f sa mesto rozoznie t\u00f3nmi jari u\u017e po 65. kr\u00e1t\" \/>\n<meta property=\"og:description\" content=\"Tradi\u010dn\u00fd festival: Pre\u0161ovsk\u00e1 hudobn\u00e1 jar op\u00e4\u0165 zav\u00edta do Pre\u0161ova. Te\u0161i\u0165 sa m\u00f4\u017eeme na bohat\u00fd program, ktor\u00fd bude trva\u0165 od marca a\u017e do apr\u00edla.\" \/>\n<meta property=\"og:url\" content=\"https:\/\/www.regionsaris.sk\/en\/presovska-hudobna-jar-2026-alebo-ked-sa-mesto-rozoznie-tonmi-jari-uz-po-65-krat\/\" \/>\n<meta property=\"og:site_name\" content=\"OOCR \u0160ari\u0161\" \/>\n<meta property=\"article:published_time\" content=\"2026-02-22T08:15:41+00:00\" \/>\n<meta property=\"article:modified_time\" content=\"2026-02-24T13:21:02+00:00\" \/>\n<meta property=\"og:image\" content=\"https:\/\/www.regionsaris.sk\/wp-content\/uploads\/2026\/02\/presov-jar-oocrrs-scaled.jpg\" \/>\n\t<meta property=\"og:image:width\" content=\"2560\" \/>\n\t<meta property=\"og:image:height\" content=\"1707\" \/>\n\t<meta property=\"og:image:type\" content=\"image\/jpeg\" \/>\n<meta name=\"author\" content=\"marketing\" \/>\n<meta name=\"twitter:card\" content=\"summary_large_image\" \/>\n<meta name=\"twitter:label1\" content=\"Written by\" \/>\n\t<meta name=\"twitter:data1\" content=\"marketing\" \/>\n\t<meta name=\"twitter:label2\" content=\"Estimated reading time\" \/>\n\t<meta name=\"twitter:data2\" content=\"4 minutes\" \/>\n<script type=\"application\/ld+json\" class=\"yoast-schema-graph\">{\"@context\":\"https:\/\/schema.org\",\"@graph\":[{\"@type\":\"Article\",\"@id\":\"https:\/\/www.regionsaris.sk\/presovska-hudobna-jar-2026-alebo-ked-sa-mesto-rozoznie-tonmi-jari-uz-po-65-krat\/#article\",\"isPartOf\":{\"@id\":\"https:\/\/www.regionsaris.sk\/presovska-hudobna-jar-2026-alebo-ked-sa-mesto-rozoznie-tonmi-jari-uz-po-65-krat\/\"},\"author\":{\"name\":\"marketing\",\"@id\":\"https:\/\/www.regionsaris.sk\/#\/schema\/person\/ec8d3b7d0a3a7dad307f10116198d0b5\"},\"headline\":\"Pre\u0161ovsk\u00e1 hudobn\u00e1 jar 2026 alebo ke\u010f sa mesto rozoznie t\u00f3nmi jari u\u017e po 65. kr\u00e1t\",\"datePublished\":\"2026-02-22T08:15:41+00:00\",\"dateModified\":\"2026-02-24T13:21:02+00:00\",\"mainEntityOfPage\":{\"@id\":\"https:\/\/www.regionsaris.sk\/presovska-hudobna-jar-2026-alebo-ked-sa-mesto-rozoznie-tonmi-jari-uz-po-65-krat\/\"},\"wordCount\":463,\"image\":{\"@id\":\"https:\/\/www.regionsaris.sk\/presovska-hudobna-jar-2026-alebo-ked-sa-mesto-rozoznie-tonmi-jari-uz-po-65-krat\/#primaryimage\"},\"thumbnailUrl\":\"https:\/\/www.regionsaris.sk\/wp-content\/uploads\/2026\/02\/presov-jar-oocrrs-scaled.jpg\",\"articleSection\":[\"Novinky\"],\"inLanguage\":\"en-GB\"},{\"@type\":\"WebPage\",\"@id\":\"https:\/\/www.regionsaris.sk\/presovska-hudobna-jar-2026-alebo-ked-sa-mesto-rozoznie-tonmi-jari-uz-po-65-krat\/\",\"url\":\"https:\/\/www.regionsaris.sk\/presovska-hudobna-jar-2026-alebo-ked-sa-mesto-rozoznie-tonmi-jari-uz-po-65-krat\/\",\"name\":\"Pre\u0161ovsk\u00e1 hudobn\u00e1 jar 2026 alebo ke\u010f sa mesto rozoznie t\u00f3nmi jari u\u017e po 65. kr\u00e1t - OOCR \u0160ari\u0161\",\"isPartOf\":{\"@id\":\"https:\/\/www.regionsaris.sk\/#website\"},\"primaryImageOfPage\":{\"@id\":\"https:\/\/www.regionsaris.sk\/presovska-hudobna-jar-2026-alebo-ked-sa-mesto-rozoznie-tonmi-jari-uz-po-65-krat\/#primaryimage\"},\"image\":{\"@id\":\"https:\/\/www.regionsaris.sk\/presovska-hudobna-jar-2026-alebo-ked-sa-mesto-rozoznie-tonmi-jari-uz-po-65-krat\/#primaryimage\"},\"thumbnailUrl\":\"https:\/\/www.regionsaris.sk\/wp-content\/uploads\/2026\/02\/presov-jar-oocrrs-scaled.jpg\",\"datePublished\":\"2026-02-22T08:15:41+00:00\",\"dateModified\":\"2026-02-24T13:21:02+00:00\",\"author\":{\"@id\":\"https:\/\/www.regionsaris.sk\/#\/schema\/person\/ec8d3b7d0a3a7dad307f10116198d0b5\"},\"description\":\"Tradi\u010dn\u00fd festival: Pre\u0161ovsk\u00e1 hudobn\u00e1 jar op\u00e4\u0165 zav\u00edta do Pre\u0161ova. Te\u0161i\u0165 sa m\u00f4\u017eeme na bohat\u00fd program, ktor\u00fd bude trva\u0165 od marca a\u017e do apr\u00edla.\",\"breadcrumb\":{\"@id\":\"https:\/\/www.regionsaris.sk\/presovska-hudobna-jar-2026-alebo-ked-sa-mesto-rozoznie-tonmi-jari-uz-po-65-krat\/#breadcrumb\"},\"inLanguage\":\"en-GB\",\"potentialAction\":[{\"@type\":\"ReadAction\",\"target\":[\"https:\/\/www.regionsaris.sk\/presovska-hudobna-jar-2026-alebo-ked-sa-mesto-rozoznie-tonmi-jari-uz-po-65-krat\/\"]}]},{\"@type\":\"ImageObject\",\"inLanguage\":\"en-GB\",\"@id\":\"https:\/\/www.regionsaris.sk\/presovska-hudobna-jar-2026-alebo-ked-sa-mesto-rozoznie-tonmi-jari-uz-po-65-krat\/#primaryimage\",\"url\":\"https:\/\/www.regionsaris.sk\/wp-content\/uploads\/2026\/02\/presov-jar-oocrrs-scaled.jpg\",\"contentUrl\":\"https:\/\/www.regionsaris.sk\/wp-content\/uploads\/2026\/02\/presov-jar-oocrrs-scaled.jpg\",\"width\":2560,\"height\":1707},{\"@type\":\"BreadcrumbList\",\"@id\":\"https:\/\/www.regionsaris.sk\/presovska-hudobna-jar-2026-alebo-ked-sa-mesto-rozoznie-tonmi-jari-uz-po-65-krat\/#breadcrumb\",\"itemListElement\":[{\"@type\":\"ListItem\",\"position\":1,\"name\":\"Domov\",\"item\":\"https:\/\/www.regionsaris.sk\/\"},{\"@type\":\"ListItem\",\"position\":2,\"name\":\"Pre\u0161ovsk\u00e1 hudobn\u00e1 jar 2026 alebo ke\u010f sa mesto rozoznie t\u00f3nmi jari u\u017e po 65. kr\u00e1t\"}]},{\"@type\":\"WebSite\",\"@id\":\"https:\/\/www.regionsaris.sk\/#website\",\"url\":\"https:\/\/www.regionsaris.sk\/\",\"name\":\"OOCR \u0160ari\u0161\",\"description\":\"\",\"potentialAction\":[{\"@type\":\"SearchAction\",\"target\":{\"@type\":\"EntryPoint\",\"urlTemplate\":\"https:\/\/www.regionsaris.sk\/?s={search_term_string}\"},\"query-input\":{\"@type\":\"PropertyValueSpecification\",\"valueRequired\":true,\"valueName\":\"search_term_string\"}}],\"inLanguage\":\"en-GB\"},{\"@type\":\"Person\",\"@id\":\"https:\/\/www.regionsaris.sk\/#\/schema\/person\/ec8d3b7d0a3a7dad307f10116198d0b5\",\"name\":\"marketing\",\"image\":{\"@type\":\"ImageObject\",\"inLanguage\":\"en-GB\",\"@id\":\"https:\/\/www.regionsaris.sk\/#\/schema\/person\/image\/\",\"url\":\"https:\/\/secure.gravatar.com\/avatar\/d86c85c214091923000a199276e541a97ba20b5109e7b00260a23abc26f5b6c1?s=96&d=mm&r=g\",\"contentUrl\":\"https:\/\/secure.gravatar.com\/avatar\/d86c85c214091923000a199276e541a97ba20b5109e7b00260a23abc26f5b6c1?s=96&d=mm&r=g\",\"caption\":\"marketing\"},\"url\":\"https:\/\/www.regionsaris.sk\/en\/author\/marketing\/\"}]}<\/script>\n<!-- \/ Yoast SEO Premium plugin. -->","yoast_head_json":{"title":"Pre\u0161ovsk\u00e1 hudobn\u00e1 jar 2026 alebo ke\u010f sa mesto rozoznie t\u00f3nmi jari u\u017e po 65. kr\u00e1t - OOCR \u0160ari\u0161","description":"Tradi\u010dn\u00fd festival: Pre\u0161ovsk\u00e1 hudobn\u00e1 jar op\u00e4\u0165 zav\u00edta do Pre\u0161ova. Te\u0161i\u0165 sa m\u00f4\u017eeme na bohat\u00fd program, ktor\u00fd bude trva\u0165 od marca a\u017e do apr\u00edla.","robots":{"index":"index","follow":"follow","max-snippet":"max-snippet:-1","max-image-preview":"max-image-preview:large","max-video-preview":"max-video-preview:-1"},"canonical":"https:\/\/www.regionsaris.sk\/en\/presovska-hudobna-jar-2026-alebo-ked-sa-mesto-rozoznie-tonmi-jari-uz-po-65-krat\/","og_locale":"en_GB","og_type":"article","og_title":"Pre\u0161ovsk\u00e1 hudobn\u00e1 jar 2026 alebo ke\u010f sa mesto rozoznie t\u00f3nmi jari u\u017e po 65. kr\u00e1t","og_description":"Tradi\u010dn\u00fd festival: Pre\u0161ovsk\u00e1 hudobn\u00e1 jar op\u00e4\u0165 zav\u00edta do Pre\u0161ova. Te\u0161i\u0165 sa m\u00f4\u017eeme na bohat\u00fd program, ktor\u00fd bude trva\u0165 od marca a\u017e do apr\u00edla.","og_url":"https:\/\/www.regionsaris.sk\/en\/presovska-hudobna-jar-2026-alebo-ked-sa-mesto-rozoznie-tonmi-jari-uz-po-65-krat\/","og_site_name":"OOCR \u0160ari\u0161","article_published_time":"2026-02-22T08:15:41+00:00","article_modified_time":"2026-02-24T13:21:02+00:00","og_image":[{"width":2560,"height":1707,"url":"https:\/\/www.regionsaris.sk\/wp-content\/uploads\/2026\/02\/presov-jar-oocrrs-scaled.jpg","type":"image\/jpeg"}],"author":"marketing","twitter_card":"summary_large_image","twitter_misc":{"Written by":"marketing","Estimated reading time":"4 minutes"},"schema":{"@context":"https:\/\/schema.org","@graph":[{"@type":"Article","@id":"https:\/\/www.regionsaris.sk\/presovska-hudobna-jar-2026-alebo-ked-sa-mesto-rozoznie-tonmi-jari-uz-po-65-krat\/#article","isPartOf":{"@id":"https:\/\/www.regionsaris.sk\/presovska-hudobna-jar-2026-alebo-ked-sa-mesto-rozoznie-tonmi-jari-uz-po-65-krat\/"},"author":{"name":"marketing","@id":"https:\/\/www.regionsaris.sk\/#\/schema\/person\/ec8d3b7d0a3a7dad307f10116198d0b5"},"headline":"Pre\u0161ovsk\u00e1 hudobn\u00e1 jar 2026 alebo ke\u010f sa mesto rozoznie t\u00f3nmi jari u\u017e po 65. kr\u00e1t","datePublished":"2026-02-22T08:15:41+00:00","dateModified":"2026-02-24T13:21:02+00:00","mainEntityOfPage":{"@id":"https:\/\/www.regionsaris.sk\/presovska-hudobna-jar-2026-alebo-ked-sa-mesto-rozoznie-tonmi-jari-uz-po-65-krat\/"},"wordCount":463,"image":{"@id":"https:\/\/www.regionsaris.sk\/presovska-hudobna-jar-2026-alebo-ked-sa-mesto-rozoznie-tonmi-jari-uz-po-65-krat\/#primaryimage"},"thumbnailUrl":"https:\/\/www.regionsaris.sk\/wp-content\/uploads\/2026\/02\/presov-jar-oocrrs-scaled.jpg","articleSection":["Novinky"],"inLanguage":"en-GB"},{"@type":"WebPage","@id":"https:\/\/www.regionsaris.sk\/presovska-hudobna-jar-2026-alebo-ked-sa-mesto-rozoznie-tonmi-jari-uz-po-65-krat\/","url":"https:\/\/www.regionsaris.sk\/presovska-hudobna-jar-2026-alebo-ked-sa-mesto-rozoznie-tonmi-jari-uz-po-65-krat\/","name":"Pre\u0161ovsk\u00e1 hudobn\u00e1 jar 2026 alebo ke\u010f sa mesto rozoznie t\u00f3nmi jari u\u017e po 65. kr\u00e1t - OOCR \u0160ari\u0161","isPartOf":{"@id":"https:\/\/www.regionsaris.sk\/#website"},"primaryImageOfPage":{"@id":"https:\/\/www.regionsaris.sk\/presovska-hudobna-jar-2026-alebo-ked-sa-mesto-rozoznie-tonmi-jari-uz-po-65-krat\/#primaryimage"},"image":{"@id":"https:\/\/www.regionsaris.sk\/presovska-hudobna-jar-2026-alebo-ked-sa-mesto-rozoznie-tonmi-jari-uz-po-65-krat\/#primaryimage"},"thumbnailUrl":"https:\/\/www.regionsaris.sk\/wp-content\/uploads\/2026\/02\/presov-jar-oocrrs-scaled.jpg","datePublished":"2026-02-22T08:15:41+00:00","dateModified":"2026-02-24T13:21:02+00:00","author":{"@id":"https:\/\/www.regionsaris.sk\/#\/schema\/person\/ec8d3b7d0a3a7dad307f10116198d0b5"},"description":"Tradi\u010dn\u00fd festival: Pre\u0161ovsk\u00e1 hudobn\u00e1 jar op\u00e4\u0165 zav\u00edta do Pre\u0161ova. Te\u0161i\u0165 sa m\u00f4\u017eeme na bohat\u00fd program, ktor\u00fd bude trva\u0165 od marca a\u017e do apr\u00edla.","breadcrumb":{"@id":"https:\/\/www.regionsaris.sk\/presovska-hudobna-jar-2026-alebo-ked-sa-mesto-rozoznie-tonmi-jari-uz-po-65-krat\/#breadcrumb"},"inLanguage":"en-GB","potentialAction":[{"@type":"ReadAction","target":["https:\/\/www.regionsaris.sk\/presovska-hudobna-jar-2026-alebo-ked-sa-mesto-rozoznie-tonmi-jari-uz-po-65-krat\/"]}]},{"@type":"ImageObject","inLanguage":"en-GB","@id":"https:\/\/www.regionsaris.sk\/presovska-hudobna-jar-2026-alebo-ked-sa-mesto-rozoznie-tonmi-jari-uz-po-65-krat\/#primaryimage","url":"https:\/\/www.regionsaris.sk\/wp-content\/uploads\/2026\/02\/presov-jar-oocrrs-scaled.jpg","contentUrl":"https:\/\/www.regionsaris.sk\/wp-content\/uploads\/2026\/02\/presov-jar-oocrrs-scaled.jpg","width":2560,"height":1707},{"@type":"BreadcrumbList","@id":"https:\/\/www.regionsaris.sk\/presovska-hudobna-jar-2026-alebo-ked-sa-mesto-rozoznie-tonmi-jari-uz-po-65-krat\/#breadcrumb","itemListElement":[{"@type":"ListItem","position":1,"name":"Domov","item":"https:\/\/www.regionsaris.sk\/"},{"@type":"ListItem","position":2,"name":"Pre\u0161ovsk\u00e1 hudobn\u00e1 jar 2026 alebo ke\u010f sa mesto rozoznie t\u00f3nmi jari u\u017e po 65. kr\u00e1t"}]},{"@type":"WebSite","@id":"https:\/\/www.regionsaris.sk\/#website","url":"https:\/\/www.regionsaris.sk\/","name":"OOCR \u0160ari\u0161","description":"","potentialAction":[{"@type":"SearchAction","target":{"@type":"EntryPoint","urlTemplate":"https:\/\/www.regionsaris.sk\/?s={search_term_string}"},"query-input":{"@type":"PropertyValueSpecification","valueRequired":true,"valueName":"search_term_string"}}],"inLanguage":"en-GB"},{"@type":"Person","@id":"https:\/\/www.regionsaris.sk\/#\/schema\/person\/ec8d3b7d0a3a7dad307f10116198d0b5","name":"marketing","image":{"@type":"ImageObject","inLanguage":"en-GB","@id":"https:\/\/www.regionsaris.sk\/#\/schema\/person\/image\/","url":"https:\/\/secure.gravatar.com\/avatar\/d86c85c214091923000a199276e541a97ba20b5109e7b00260a23abc26f5b6c1?s=96&d=mm&r=g","contentUrl":"https:\/\/secure.gravatar.com\/avatar\/d86c85c214091923000a199276e541a97ba20b5109e7b00260a23abc26f5b6c1?s=96&d=mm&r=g","caption":"marketing"},"url":"https:\/\/www.regionsaris.sk\/en\/author\/marketing\/"}]}},"_links":{"self":[{"href":"https:\/\/www.regionsaris.sk\/en\/wp-json\/wp\/v2\/posts\/3636","targetHints":{"allow":["GET"]}}],"collection":[{"href":"https:\/\/www.regionsaris.sk\/en\/wp-json\/wp\/v2\/posts"}],"about":[{"href":"https:\/\/www.regionsaris.sk\/en\/wp-json\/wp\/v2\/types\/post"}],"author":[{"embeddable":true,"href":"https:\/\/www.regionsaris.sk\/en\/wp-json\/wp\/v2\/users\/3"}],"replies":[{"embeddable":true,"href":"https:\/\/www.regionsaris.sk\/en\/wp-json\/wp\/v2\/comments?post=3636"}],"version-history":[{"count":5,"href":"https:\/\/www.regionsaris.sk\/en\/wp-json\/wp\/v2\/posts\/3636\/revisions"}],"predecessor-version":[{"id":3853,"href":"https:\/\/www.regionsaris.sk\/en\/wp-json\/wp\/v2\/posts\/3636\/revisions\/3853"}],"wp:featuredmedia":[{"embeddable":true,"href":"https:\/\/www.regionsaris.sk\/en\/wp-json\/wp\/v2\/media\/3637"}],"wp:attachment":[{"href":"https:\/\/www.regionsaris.sk\/en\/wp-json\/wp\/v2\/media?parent=3636"}],"wp:term":[{"taxonomy":"category","embeddable":true,"href":"https:\/\/www.regionsaris.sk\/en\/wp-json\/wp\/v2\/categories?post=3636"},{"taxonomy":"post_tag","embeddable":true,"href":"https:\/\/www.regionsaris.sk\/en\/wp-json\/wp\/v2\/tags?post=3636"}],"curies":[{"name":"wp","href":"https:\/\/api.w.org\/{rel}","templated":true}]}}